{"id":114,"date":"2013-04-27T20:54:16","date_gmt":"2013-04-27T20:54:16","guid":{"rendered":"http:\/\/blogs.laverdad.es\/musicainesperada\/?p=114"},"modified":"2013-04-27T20:54:16","modified_gmt":"2013-04-27T20:54:16","slug":"imagenes-de-la-musica-y-anillo-del-nibelungo","status":"publish","type":"post","link":"https:\/\/blogs.laverdad.es\/musicainesperada\/2013\/04\/27\/imagenes-de-la-musica-y-anillo-del-nibelungo\/","title":{"rendered":"Im\u00e1genes de la m\u00fasica y anillo del Nibelungo."},"content":{"rendered":"<p>&nbsp;<\/p>\n<p>Estos d\u00edas se representa en el Liceu de Barcelona \u00a0<strong>&#8220;El oro del Rin&#8221; (Das Rheingold<\/strong>) que \u00a0es el pr\u00f3logo de la Tetralog\u00eda de <em><strong>Richard Wagner<\/strong><\/em>, <strong>El anillo del Nibelungo<\/strong>, la obra musical m\u00e1s ambiciosa y extensa de la m\u00fasica occidental. El compositor comienza el anillo en 1848 y lo completa 26 a\u00f1os m\u00e1s tarde, en Noviembre de 1874.<\/p>\n<p>Uno de los mel\u00f3manos m\u00e1s expertos en la m\u00fasica de Wagner es<strong><em> Juan Gonz\u00e1lez Jim\u00e9nez<\/em><\/strong>, arquitecto de profesi\u00f3n y con una interesante voz de bar\u00edtono.<strong><em> Juan<\/em><\/strong> fabrica oportunidades para viajar a los principales teatros de Europa y redescubrir el legado de Don Ricardo.<\/p>\n<p>El <strong>anillo del Nibelungo<\/strong> est\u00e1 formado por cuatro dramas musicales, con texto y m\u00fasica del compositor de Dresde que, en palabras de <em><strong>Rudolph Sabor<\/strong><\/em>, <em>&#8220;giran en torno al tr\u00e1gico intento del hombre de reconciliar su deseo de amor y divinidad con la necesidad de organizar de su vida&#8221;. <strong>Wagner<\/strong><\/em>, seg\u00fan este escritor, considera que el poder y el amor son fuerzas gemelas interdependientes, m\u00e1s que dispuestas en conflicto.<\/p>\n<p>La obra que abre la Tetralog\u00eda es <strong>&#8220;El oro del Rin&#8221;<\/strong> y la comentaremos en las pr\u00f3ximas semanas. <strong><em>Juan Gonz\u00e1lez<\/em><\/strong> nos recuerda que <em>&#8221; esta pieza en un solo acto dura poco m\u00e1s de dos horas y en ella su autor perfecciona un estilo musical basado en la melod\u00eda infinita y el uso de los motivos conductores. En el oro del Liceo, hay un elenco de lujo y una producci\u00f3n transgresora que inserta elementos contempor\u00e1neos para recrear la trama donde aparecen ondinas, enanos, gigantes y dioses que renuncian al amor para poder hacerse con el codiciado tesoro de oro&#8221;.<\/em><\/p>\n<p>Hay cerca de 80 Leitmotiv o motivos conductores en el anillo. Son peque\u00f1as figuras musicales que representan a personajes, objetos, sentimientos o situaciones. Conocer estos motivos nos permite comprender mejor a Wagner, ya que nos acercan a la dimensi\u00f3n musical y dram\u00e1tica tan importante en su obra. El compositor, cuando nos presenta un nuevo Leitmotiv, normalmente sincroniza \u00e9ste con algun refuerzo visual y as\u00ed despierta nuestra atenci\u00f3n.<\/p>\n<p><strong><em>Juan Gonz\u00e1lez<\/em><\/strong> nos propone un video\u00a0del preludio y primera escena\u00a0de\u00a0<strong>Das Rheingold. <\/strong>Les pido que presten atenci\u00f3n al principio y perciban el\u00a0despertar de la naturaleza. En palabras de <em><strong>Robert Donington<\/strong>, &#8220;es el comienzo del mundo, nuestro propio comienzo&#8221;.<\/em><\/p>\n<p>&nbsp;<\/p>\n<p>&nbsp;<\/p>\n<p><iframe loading=\"lazy\" src=\"\/\/www.youtube.com\/embed\/z-BrwJH3ypk\" frameborder=\"0\" width=\"560\" height=\"315\"><\/iframe><\/p>\n","protected":false},"excerpt":{"rendered":"<p>&nbsp; Estos d\u00edas se representa en el Liceu de Barcelona \u00a0&#8220;El oro del Rin&#8221; (Das Rheingold) que \u00a0es el pr\u00f3logo de la Tetralog\u00eda de Richard Wagner, El anillo del Nibelungo, la obra musical m\u00e1s ambiciosa y extensa de la m\u00fasica occidental. El compositor comienza el anillo en 1848 y lo completa 26 a\u00f1os m\u00e1s tarde, [&hellip;]<\/p>\n","protected":false},"author":24,"featured_media":0,"comment_status":"open","ping_status":"closed","sticky":false,"template":"","format":"standard","meta":[],"categories":[3],"tags":[],"_links":{"self":[{"href":"https:\/\/blogs.laverdad.es\/musicainesperada\/wp-json\/wp\/v2\/posts\/114"}],"collection":[{"href":"https:\/\/blogs.laverdad.es\/musicainesperada\/wp-json\/wp\/v2\/posts"}],"about":[{"href":"https:\/\/blogs.laverdad.es\/musicainesperada\/wp-json\/wp\/v2\/types\/post"}],"author":[{"embeddable":true,"href":"https:\/\/blogs.laverdad.es\/musicainesperada\/wp-json\/wp\/v2\/users\/24"}],"replies":[{"embeddable":true,"href":"https:\/\/blogs.laverdad.es\/musicainesperada\/wp-json\/wp\/v2\/comments?post=114"}],"version-history":[{"count":0,"href":"https:\/\/blogs.laverdad.es\/musicainesperada\/wp-json\/wp\/v2\/posts\/114\/revisions"}],"wp:attachment":[{"href":"https:\/\/blogs.laverdad.es\/musicainesperada\/wp-json\/wp\/v2\/media?parent=114"}],"wp:term":[{"taxonomy":"category","embeddable":true,"href":"https:\/\/blogs.laverdad.es\/musicainesperada\/wp-json\/wp\/v2\/categories?post=114"},{"taxonomy":"post_tag","embeddable":true,"href":"https:\/\/blogs.laverdad.es\/musicainesperada\/wp-json\/wp\/v2\/tags?post=114"}],"curies":[{"name":"wp","href":"https:\/\/api.w.org\/{rel}","templated":true}]}}