{"id":116,"date":"2013-04-30T13:08:24","date_gmt":"2013-04-30T13:08:24","guid":{"rendered":"http:\/\/blogs.laverdad.es\/musicainesperada\/?p=116"},"modified":"2013-04-30T13:08:24","modified_gmt":"2013-04-30T13:08:24","slug":"al-teatro-de-la-mano-de-haydn","status":"publish","type":"post","link":"https:\/\/blogs.laverdad.es\/musicainesperada\/2013\/04\/30\/al-teatro-de-la-mano-de-haydn\/","title":{"rendered":"Al teatro de la mano de Haydn."},"content":{"rendered":"<p><a href=\"\/musicainesperada\/wp-content\/uploads\/sites\/23\/2013\/04\/Kovac.jpg\"><img loading=\"lazy\" class=\"aligncenter size-full wp-image-117\" title=\"Kovac\" src=\"\/musicainesperada\/wp-content\/uploads\/sites\/23\/2013\/04\/Kovac.jpg\" alt=\"\" width=\"200\" height=\"200\" srcset=\"https:\/\/static-blogs.laverdad.es\/wp-content\/uploads\/sites\/23\/2013\/04\/Kovac.jpg 200w, https:\/\/static-blogs.laverdad.es\/wp-content\/uploads\/sites\/23\/2013\/04\/Kovac-150x150.jpg 150w\" sizes=\"(max-width: 200px) 100vw, 200px\" \/><\/a><\/p>\n<p>&nbsp;<\/p>\n<p>Hace algunas semanas comentamos una famosa pieza religiosa de <strong>Joseph Haydn<\/strong>. Otra\u00a0c\u00e9lebre obra que compone el longevo m\u00fasico del Clasicismo es\u00a0el <strong>concierto para violonchelo n\u00ba 1 en Do mayor<\/strong>, descubierto en 1961 entre las partituras archivadas del Museo Nacional de Praga.<\/p>\n<p>Esta composici\u00f3n para chelo y orquesta tiene la particularidad de que cada uno de sus tres movimientos est\u00e1 escrito en la forma sonata cl\u00e1sica. He invitado a <strong>Juraj Kovac<\/strong>, el profesor y primer atril de chelo de la OSRM que, esta semana, interpreta\u00a0dicho concierto como solista. Juraj, m\u00fasico de origen eslovaco, nos adelanta sus impresiones: <em>\u201cEs un concierto lleno de contrastes y fantas\u00edas, donde cada nota tiene su propia vida y participa en un conjunto maravilloso. Aunque no lo parece, yo lo asimilo a una obra de teatro\u201d.<\/em><\/p>\n<p>El primer movimiento <strong><em>Moderato-Cadenza<\/em><\/strong> es muy vigoroso con un motivo l\u00edrico en la orquesta que posteriormente el violonchelo lo retoma y embellece. <strong>Kovac<\/strong> lo ve as\u00ed: <em>\u201cSe abre la funci\u00f3n con acordes grandiosos. Sube el tel\u00f3n y empieza el canto tierno del tenor hablando sobre el sol, el cielo azul y las brisas agradables. De repente, aparece otro protagonista menos tranquilo y algo preocupado. Sin embargo, sus preocupaciones no duran mucho y todo vuelve a la normalidad\u201d.<\/em><\/p>\n<p>El <em><strong>Adagio-Cadenza<\/strong><\/em> en Fa mayor es un movimiento refinado y con gracia: <em>\u201cEl segundo acto es como un sue\u00f1o, inicialmente agradable y lleno de fantas\u00edas y colores. Como es normal, cada sue\u00f1o contiene pesadillas que aqu\u00ed no son dram\u00e1ticas, de modo que todo vuelve a ser agradable\u201d.<\/em><\/p>\n<p>El tercer y \u00faltimo acto para <strong>Juraj<\/strong> se corresponde con el movimiento <strong><em>Allegro moderato<\/em><\/strong> donde los r\u00e1pidos cambios de registro del int\u00e9rprete crean aut\u00e9nticos fuegos de artificio. <strong>Kovak<\/strong> lo describe como \u00a0<em>\u201cun circo donde aparecen artistas de todo tipo que lanzan bolas y cuchillos al tiempo que saltan desde las alturas hasta que, finalmente, uno deja de respirar\u201d.<\/em><\/p>\n<p>Hay tres razones de peso para no perderse este programa: En el Clasicismo escasean los buenos conciertos para violonchelo. La m\u00fasica de<strong> Haydn<\/strong> contenida en la <strong>sinfon\u00eda n\u00ba 104 \u201cLondres\u201d<\/strong> es soberbia. La guinda del pastel la pone <strong>Mozart<\/strong> con la obertura de <strong>\u201cCosi fan tutte\u201d,<\/strong> una de sus mejores \u00f3peras.<\/p>\n<p>&nbsp;<\/p>\n<p>Murcia, <strong>jueves 2 de Mayo de 2013<\/strong>, <strong>20 horas<\/strong>. Auditorio V\u00edctor Villegas. Obras de Haydn y Mozart. Orquesta Sinf\u00f3nica de la Regi\u00f3n de Murcia. Director: Leonardo Mart\u00ednez. Solista de violonchelo: Juraj Kovac.<\/p>\n<p>&nbsp;<\/p>\n<p>&nbsp;<\/p>\n","protected":false},"excerpt":{"rendered":"<p>&nbsp; Hace algunas semanas comentamos una famosa pieza religiosa de Joseph Haydn. Otra\u00a0c\u00e9lebre obra que compone el longevo m\u00fasico del Clasicismo es\u00a0el concierto para violonchelo n\u00ba 1 en Do mayor, descubierto en 1961 entre las partituras archivadas del Museo Nacional de Praga. Esta composici\u00f3n para chelo y orquesta tiene la particularidad de que cada uno [&hellip;]<\/p>\n","protected":false},"author":24,"featured_media":0,"comment_status":"open","ping_status":"open","sticky":false,"template":"","format":"standard","meta":[],"categories":[19],"tags":[],"_links":{"self":[{"href":"https:\/\/blogs.laverdad.es\/musicainesperada\/wp-json\/wp\/v2\/posts\/116"}],"collection":[{"href":"https:\/\/blogs.laverdad.es\/musicainesperada\/wp-json\/wp\/v2\/posts"}],"about":[{"href":"https:\/\/blogs.laverdad.es\/musicainesperada\/wp-json\/wp\/v2\/types\/post"}],"author":[{"embeddable":true,"href":"https:\/\/blogs.laverdad.es\/musicainesperada\/wp-json\/wp\/v2\/users\/24"}],"replies":[{"embeddable":true,"href":"https:\/\/blogs.laverdad.es\/musicainesperada\/wp-json\/wp\/v2\/comments?post=116"}],"version-history":[{"count":0,"href":"https:\/\/blogs.laverdad.es\/musicainesperada\/wp-json\/wp\/v2\/posts\/116\/revisions"}],"wp:attachment":[{"href":"https:\/\/blogs.laverdad.es\/musicainesperada\/wp-json\/wp\/v2\/media?parent=116"}],"wp:term":[{"taxonomy":"category","embeddable":true,"href":"https:\/\/blogs.laverdad.es\/musicainesperada\/wp-json\/wp\/v2\/categories?post=116"},{"taxonomy":"post_tag","embeddable":true,"href":"https:\/\/blogs.laverdad.es\/musicainesperada\/wp-json\/wp\/v2\/tags?post=116"}],"curies":[{"name":"wp","href":"https:\/\/api.w.org\/{rel}","templated":true}]}}