{"id":119,"date":"2013-05-07T13:02:57","date_gmt":"2013-05-07T13:02:57","guid":{"rendered":"http:\/\/blogs.laverdad.es\/musicainesperada\/?p=119"},"modified":"2013-05-07T13:02:57","modified_gmt":"2013-05-07T13:02:57","slug":"viaje-por-europa-sobre-cuatro-manos","status":"publish","type":"post","link":"https:\/\/blogs.laverdad.es\/musicainesperada\/2013\/05\/07\/viaje-por-europa-sobre-cuatro-manos\/","title":{"rendered":"Viaje por Europa sobre cuatro manos."},"content":{"rendered":"<p><a href=\"\/musicainesperada\/wp-content\/uploads\/sites\/23\/2013\/05\/Esterhazy-Castillo.jpg\"><img loading=\"lazy\" class=\"aligncenter size-full wp-image-120\" title=\"Esterhazy-Castillo\" src=\"\/musicainesperada\/wp-content\/uploads\/sites\/23\/2013\/05\/Esterhazy-Castillo.jpg\" alt=\"\" width=\"400\" height=\"285\" srcset=\"https:\/\/static-blogs.laverdad.es\/wp-content\/uploads\/sites\/23\/2013\/05\/Esterhazy-Castillo.jpg 400w, https:\/\/static-blogs.laverdad.es\/wp-content\/uploads\/sites\/23\/2013\/05\/Esterhazy-Castillo-300x214.jpg 300w\" sizes=\"(max-width: 400px) 100vw, 400px\" \/><\/a><\/p>\n<p>&nbsp;<\/p>\n<p>Les propongo un viaje por Alemania y Austria. Precisamente el mismo al que invita <strong>Florent Schmitt<\/strong> al componer a principios del siglo XX sus <strong><em>\u201cReflexiones sobre Alemania\u201d<\/em><\/strong> Opus 28. En esta obra escuchamos ocho valses que se corresponden con sus ingenuas impresiones sobre las ciudades de Heidelberg, Coblenza, L\u00fcbeck, Werder, Viena, Nuremberg y Munich.<\/p>\n<p>El punto de encuentro\u00a0antes de emprender\u00a0la tourn\u00e9 europea\u00a0est\u00e1 en la residencia de verano del <strong>conde Esterhazy<\/strong> (en la imagen) localizada en Selesz (Hungr\u00eda)\u00a0. Es all\u00ed durante el verano de 1824, donde Franz Schubert queda maravillado de la melod\u00eda que canta una joven sirviente. Esas notas musicales\u00a0son\u00a0el germen de la composici\u00f3n del <strong><em>\u201cDivertimento a la h\u00fangara\u201d<\/em><\/strong> para piano a cuatro manos.\u00a0La obra es una especie de rapsodia, donde las ideas mel\u00f3dicas se suceden a lo largo de sus tres movimientos <em>Andante, Marcha y Finale (Allegreto).<\/em> En este ultimo Schubert inserta la agradable cancioncilla que escucha a\u00a0la bella lugare\u00f1a.<\/p>\n<p>Si les atrae este viaje musical por Europa, s\u00f3lo tienen que acudir al concierto que ofrecen Pedro Olivares y Jos\u00e9 Mar\u00eda Caballero organizado por el club cultural Senda 21 en el Casino de Murcia.<\/p>\n<p>Mi\u00e9rcoles 8 de Mayo, 19:30h. Casino de Murcia. Sala Alta.<\/p>\n","protected":false},"excerpt":{"rendered":"<p>&nbsp; Les propongo un viaje por Alemania y Austria. Precisamente el mismo al que invita Florent Schmitt al componer a principios del siglo XX sus \u201cReflexiones sobre Alemania\u201d Opus 28. En esta obra escuchamos ocho valses que se corresponden con sus ingenuas impresiones sobre las ciudades de Heidelberg, Coblenza, L\u00fcbeck, Werder, Viena, Nuremberg y Munich. [&hellip;]<\/p>\n","protected":false},"author":24,"featured_media":0,"comment_status":"open","ping_status":"open","sticky":false,"template":"","format":"standard","meta":[],"categories":[19],"tags":[],"_links":{"self":[{"href":"https:\/\/blogs.laverdad.es\/musicainesperada\/wp-json\/wp\/v2\/posts\/119"}],"collection":[{"href":"https:\/\/blogs.laverdad.es\/musicainesperada\/wp-json\/wp\/v2\/posts"}],"about":[{"href":"https:\/\/blogs.laverdad.es\/musicainesperada\/wp-json\/wp\/v2\/types\/post"}],"author":[{"embeddable":true,"href":"https:\/\/blogs.laverdad.es\/musicainesperada\/wp-json\/wp\/v2\/users\/24"}],"replies":[{"embeddable":true,"href":"https:\/\/blogs.laverdad.es\/musicainesperada\/wp-json\/wp\/v2\/comments?post=119"}],"version-history":[{"count":0,"href":"https:\/\/blogs.laverdad.es\/musicainesperada\/wp-json\/wp\/v2\/posts\/119\/revisions"}],"wp:attachment":[{"href":"https:\/\/blogs.laverdad.es\/musicainesperada\/wp-json\/wp\/v2\/media?parent=119"}],"wp:term":[{"taxonomy":"category","embeddable":true,"href":"https:\/\/blogs.laverdad.es\/musicainesperada\/wp-json\/wp\/v2\/categories?post=119"},{"taxonomy":"post_tag","embeddable":true,"href":"https:\/\/blogs.laverdad.es\/musicainesperada\/wp-json\/wp\/v2\/tags?post=119"}],"curies":[{"name":"wp","href":"https:\/\/api.w.org\/{rel}","templated":true}]}}