{"id":121,"date":"2013-05-11T08:58:37","date_gmt":"2013-05-11T08:58:37","guid":{"rendered":"http:\/\/blogs.laverdad.es\/musicainesperada\/?p=121"},"modified":"2013-05-11T08:58:37","modified_gmt":"2013-05-11T08:58:37","slug":"cuadros-con-corazon-ideas-con-musica","status":"publish","type":"post","link":"https:\/\/blogs.laverdad.es\/musicainesperada\/2013\/05\/11\/cuadros-con-corazon-ideas-con-musica\/","title":{"rendered":"Cuadros con coraz\u00f3n, ideas con m\u00fasica."},"content":{"rendered":"<p><a href=\"\/musicainesperada\/wp-content\/uploads\/sites\/23\/2013\/05\/El-columpio.jpg\"><img loading=\"lazy\" class=\"aligncenter size-full wp-image-124\" title=\"El columpio\" src=\"\/musicainesperada\/wp-content\/uploads\/sites\/23\/2013\/05\/El-columpio.jpg\" alt=\"\" width=\"500\" height=\"600\" srcset=\"https:\/\/static-blogs.laverdad.es\/wp-content\/uploads\/sites\/23\/2013\/05\/El-columpio.jpg 500w, https:\/\/static-blogs.laverdad.es\/wp-content\/uploads\/sites\/23\/2013\/05\/El-columpio-250x300.jpg 250w\" sizes=\"(max-width: 500px) 100vw, 500px\" \/><\/a><\/p>\n<p>&nbsp;<\/p>\n<p>El ser humano es fascinante. La capacidad que tiene para crear, sentir y transmitir es excepcional y a\u00fan lo es m\u00e1s el hecho de que lo hace de manera distinta en cada etapa de la vida.<\/p>\n<p>Por ello es tan estimulante la interacci\u00f3n con personas cultivadas \u00a0que irradian experiencia y sabidur\u00eda como la convivencia con j\u00f3venes bien encaminados a explotar sus talentos y repletos de determinaci\u00f3n.<\/p>\n<p>El ciclo <strong>\u201cCuadros con m\u00fasica\u201d<\/strong> re\u00fane, entre otras cosas, esta dualidad de conocimiento y proyecci\u00f3n que tanto apasiona al que siente curiosidad. En su novena edici\u00f3n, esta actividad cultural muestra la elegancia y la poes\u00eda del pintor <strong>Jean-Honor\u00e9 Fragonard<\/strong> (1732-1806) con el an\u00e1lisis que hace el<strong> Profesor Pedro Olivares<\/strong> sobre el cuadro <strong><em>\u201cLos felices azares del columpio\u201d.\u00a0<\/em><\/strong><\/p>\n<p>La conferencia se complementa con la interpretaci\u00f3n de la <em><strong>sonata para violonchelo y piano en Sol menor, Op. 65<\/strong><\/em> de <strong>Fr\u00e9deric Chopin<\/strong> (1810-1849) donde est\u00e1 presente la esencia del temperamento y del gusto del compositor de origen polaco. La pieza musical la interpretan <strong>Alberto G\u00f3mez Mart\u00ednez<\/strong> (violonchelo) y<strong> Lourdes del Mar Vizca\u00edno Molina<\/strong> (piano).<\/p>\n<p>Es complicado seleccionar \u00a0de este d\u00fao de int\u00e9rpretes una voz que nos cuente los detalles de la obra de <strong>Chopin<\/strong>. Me comprometo a invitar en otra ocasi\u00f3n a <strong>Lourdes<\/strong> para hablar\u00a0sobre m\u00fasica.<\/p>\n<p><img loading=\"lazy\" class=\"alignright size-medium wp-image-123\" title=\"Alberto  y Lourdes\" src=\"\/musicainesperada\/wp-content\/uploads\/sites\/23\/2013\/05\/Alberto-y-Lourdes1.jpg\" alt=\"\" width=\"300\" height=\"225\" srcset=\"https:\/\/static-blogs.laverdad.es\/wp-content\/uploads\/sites\/23\/2013\/05\/Alberto-y-Lourdes1.jpg 2560w, https:\/\/static-blogs.laverdad.es\/wp-content\/uploads\/sites\/23\/2013\/05\/Alberto-y-Lourdes1-300x225.jpg 300w, https:\/\/static-blogs.laverdad.es\/wp-content\/uploads\/sites\/23\/2013\/05\/Alberto-y-Lourdes1-768x576.jpg 768w, https:\/\/static-blogs.laverdad.es\/wp-content\/uploads\/sites\/23\/2013\/05\/Alberto-y-Lourdes1-1024x768.jpg 1024w\" sizes=\"(max-width: 300px) 100vw, 300px\" \/><\/p>\n<p><strong>Alberto<\/strong> es un joven m\u00fasico con presente y futuro.\u00a0 Despu\u00e9s de escuchar c\u00f3mo expresa la m\u00fasica, corroboro las positivas impresiones de sus profesores y compa\u00f1eros en relaci\u00f3n a sus virtudes como persona y como chelista. De la sonata que interpreta el lunes pr\u00f3ximo, <strong>G\u00f3mez<\/strong> nos aclara que <em>\u201cChopin la compone con 36 a\u00f1os y fue la \u00faltima obra que edit\u00f3 y estren\u00f3. La dedic\u00f3 a Auguste Franchomme, m\u00fasico del momento c\u00e9lebre por sus estudios y caprichos para violonchelo.\u201d<\/em><\/p>\n<p>Generalmente asociamos a <strong>Chopin<\/strong> con la m\u00fasica para piano solo, \u201c<em>pero compone nueve obras donde a\u00f1ade otro instrumento. Adem\u00e1s de esta sonata, destaco el gran d\u00fao concertante para piano y chelo, el tr\u00edo para viol\u00edn, chelo y piano y, por \u00faltimo, la introducci\u00f3n y polonesa brillante\u201d.<\/em><\/p>\n<p>La sonata consta de cuatro movimientos: <em><strong>Allegro moderato, Scherzo, Largo y Allegro<\/strong><\/em>; <em>\u201caunque en el d\u00eda del estreno, Franchomme suprime el primero por problemas de salud\u201d<\/em><\/p>\n<p>Este joven int\u00e9rprete se siente <em>\u201cmuy afortunado de que Chopin piense en el violonchelo cuando crea m\u00fasica que no es para piano solo. Sin ninguna duda, el compositor tiene algo especial que lo diferencia mucho de cualquier otro. En esta sonata se aprecia muy bien la gran complejidad arm\u00f3nica y contrapunt\u00edstica en los momentos inestables y arrebatadores del \u00a0primer y cuarto movimiento. De los dos movimientos centrales, destaco la capacidad de Chopin para transmitir la m\u00fasica con una escritura sencilla y limpia\u201d.<\/em><\/p>\n<p><strong>Cuadros con M\u00fasica (9\u00aa edici\u00f3n<\/strong>). <em><strong>Fragonard y Chopin: el interiorismo y la poes\u00eda<\/strong><\/em>. <strong>Lunes, 13 de mayo de 2013, 20h<\/strong>. Aula de Cultura de Cajamurcia, Gran V\u00eda, 23. Murcia.\u00a0\u00a0<strong>Entrada libre hasta completer aforo.<\/strong><\/p>\n","protected":false},"excerpt":{"rendered":"<p>&nbsp; El ser humano es fascinante. La capacidad que tiene para crear, sentir y transmitir es excepcional y a\u00fan lo es m\u00e1s el hecho de que lo hace de manera distinta en cada etapa de la vida. Por ello es tan estimulante la interacci\u00f3n con personas cultivadas \u00a0que irradian experiencia y sabidur\u00eda como la convivencia [&hellip;]<\/p>\n","protected":false},"author":24,"featured_media":0,"comment_status":"open","ping_status":"open","sticky":false,"template":"","format":"standard","meta":[],"categories":[19],"tags":[],"_links":{"self":[{"href":"https:\/\/blogs.laverdad.es\/musicainesperada\/wp-json\/wp\/v2\/posts\/121"}],"collection":[{"href":"https:\/\/blogs.laverdad.es\/musicainesperada\/wp-json\/wp\/v2\/posts"}],"about":[{"href":"https:\/\/blogs.laverdad.es\/musicainesperada\/wp-json\/wp\/v2\/types\/post"}],"author":[{"embeddable":true,"href":"https:\/\/blogs.laverdad.es\/musicainesperada\/wp-json\/wp\/v2\/users\/24"}],"replies":[{"embeddable":true,"href":"https:\/\/blogs.laverdad.es\/musicainesperada\/wp-json\/wp\/v2\/comments?post=121"}],"version-history":[{"count":0,"href":"https:\/\/blogs.laverdad.es\/musicainesperada\/wp-json\/wp\/v2\/posts\/121\/revisions"}],"wp:attachment":[{"href":"https:\/\/blogs.laverdad.es\/musicainesperada\/wp-json\/wp\/v2\/media?parent=121"}],"wp:term":[{"taxonomy":"category","embeddable":true,"href":"https:\/\/blogs.laverdad.es\/musicainesperada\/wp-json\/wp\/v2\/categories?post=121"},{"taxonomy":"post_tag","embeddable":true,"href":"https:\/\/blogs.laverdad.es\/musicainesperada\/wp-json\/wp\/v2\/tags?post=121"}],"curies":[{"name":"wp","href":"https:\/\/api.w.org\/{rel}","templated":true}]}}