{"id":125,"date":"2013-05-14T22:26:52","date_gmt":"2013-05-14T22:26:52","guid":{"rendered":"http:\/\/blogs.laverdad.es\/musicainesperada\/?p=125"},"modified":"2013-05-14T22:26:52","modified_gmt":"2013-05-14T22:26:52","slug":"el-llanto-justificado-de-un-hombre","status":"publish","type":"post","link":"https:\/\/blogs.laverdad.es\/musicainesperada\/2013\/05\/14\/el-llanto-justificado-de-un-hombre\/","title":{"rendered":"El llanto justificado de un hombre."},"content":{"rendered":"<p><span style=\"font-size: small;\">Hay personas con criterio que consideran\u00a0que\u00a0los hombres solo lloran en p\u00fablico en el f\u00fatbol, especialmente si su equipo gana o pierde.\u00a0Pero antes de que se inventara el f\u00fatbol, los hombres lloraban por otras cosas importantes.<\/span><\/p>\n<p><span style=\"font-size: small;\"><strong>Gioacchino Rossini<\/strong> (1792-1868) es uno de los compositores de \u00f3pera m\u00e1s famosos de la historia del g\u00e9nero.\u00a0 En una cl\u00e1sica an\u00e9cdota que se cuenta\u00a0de \u00e9l, un periodista le\u00a0pregunta\u00a0si\u00a0\u00a0es verdad que alguna vez\u00a0ha llorado en p\u00fablico. El <strong><em>&#8220;cisne de P\u00e9saro&#8221;<\/em><\/strong> contesta que lo ha\u00a0hecho tres veces en su vida, pero\u00a0son muchas las versiones acerca de la justificaci\u00f3n que di\u00f3 el italiano.\u00a0<\/span><\/p>\n<p><span style=\"font-size: small;\">Entre\u00a0los motivos que\u00a0se relacionan con\u00a0el llanto de <strong>Rossini<\/strong> figuran: el fracaso decepcionante del estreno en Roma de <strong><em>&#8220;El barbero de Sevilla&#8221;,<\/em><\/strong> la noche catastr\u00f3fica del debut de <em><strong>&#8220;La cambiale di matrimonio&#8221;,\u00a0<\/strong><\/em>el d\u00eda que\u00a0escucha una interpretaci\u00f3n violin\u00edstica de <strong>Paganini,<\/strong>\u00a0la audici\u00f3n\u00a0\u00a0del canto de <strong>Adelina Patti<\/strong> o el momento en\u00a0que falleci\u00f3 su madre\u00a0.\u00a0En lo que s\u00ed hay consenso en la literatura es que <strong>Rossini<\/strong> llora cuando se le cae al\u00a0lago Como\u00a0un apetitoso pavo relleno de trufas durante una excursi\u00f3n.\u00a0<\/span><\/p>\n<p><span style=\"font-size: small;\">El m\u00fasico italiano era muy aficionado a la cocina y a la degustaci\u00f3n de comida. El famoso tourned\u00f3, varias recetas de macarrones, los canelones y\u00a0el pavo trufado, entre otros, han quedado ligados para siempre\u00a0a su apellido.<\/span><\/p>\n<p><span style=\"font-size: small;\">Pero dado que\u00a0estamos en un espacio de m\u00fasica y\u00a0no de gastronom\u00eda,\u00a0 les\u00a0recomiendo la Obertura de\u00a0la \u00f3pera\u00a0m\u00e1s conocida de <strong>Rossini<\/strong>:<em><strong> &#8220;<\/strong><strong>El barbero de Sevilla&#8221;<\/strong><\/em>. La obra se estrena en Roma en 1816 y es la primera \u00f3pera italiana que se escucha en Nueva York, Buenos Aires o La Habana. La versi\u00f3n del v\u00eddeo adjunto\u00a0es la del maestro <strong>Claudio Abbado<\/strong>, un verdadero especialista en esta partitura.<\/span><\/p>\n<p><span style=\"font-size: small;\">No pasa nada si un hombre llora en p\u00fablico. Sobre todo si es por una causa mayor.<\/span><\/p>\n<p>&nbsp;<\/p>\n<p><iframe loading=\"lazy\" src=\"\/\/www.youtube.com\/embed\/bBjY7mZafvg\" frameborder=\"0\" width=\"420\" height=\"315\"><\/iframe><\/p>\n","protected":false},"excerpt":{"rendered":"<p>Hay personas con criterio que consideran\u00a0que\u00a0los hombres solo lloran en p\u00fablico en el f\u00fatbol, especialmente si su equipo gana o pierde.\u00a0Pero antes de que se inventara el f\u00fatbol, los hombres lloraban por otras cosas importantes. Gioacchino Rossini (1792-1868) es uno de los compositores de \u00f3pera m\u00e1s famosos de la historia del g\u00e9nero.\u00a0 En una cl\u00e1sica [&hellip;]<\/p>\n","protected":false},"author":24,"featured_media":0,"comment_status":"open","ping_status":"open","sticky":false,"template":"","format":"standard","meta":[],"categories":[5],"tags":[],"_links":{"self":[{"href":"https:\/\/blogs.laverdad.es\/musicainesperada\/wp-json\/wp\/v2\/posts\/125"}],"collection":[{"href":"https:\/\/blogs.laverdad.es\/musicainesperada\/wp-json\/wp\/v2\/posts"}],"about":[{"href":"https:\/\/blogs.laverdad.es\/musicainesperada\/wp-json\/wp\/v2\/types\/post"}],"author":[{"embeddable":true,"href":"https:\/\/blogs.laverdad.es\/musicainesperada\/wp-json\/wp\/v2\/users\/24"}],"replies":[{"embeddable":true,"href":"https:\/\/blogs.laverdad.es\/musicainesperada\/wp-json\/wp\/v2\/comments?post=125"}],"version-history":[{"count":0,"href":"https:\/\/blogs.laverdad.es\/musicainesperada\/wp-json\/wp\/v2\/posts\/125\/revisions"}],"wp:attachment":[{"href":"https:\/\/blogs.laverdad.es\/musicainesperada\/wp-json\/wp\/v2\/media?parent=125"}],"wp:term":[{"taxonomy":"category","embeddable":true,"href":"https:\/\/blogs.laverdad.es\/musicainesperada\/wp-json\/wp\/v2\/categories?post=125"},{"taxonomy":"post_tag","embeddable":true,"href":"https:\/\/blogs.laverdad.es\/musicainesperada\/wp-json\/wp\/v2\/tags?post=125"}],"curies":[{"name":"wp","href":"https:\/\/api.w.org\/{rel}","templated":true}]}}