{"id":127,"date":"2013-05-19T22:26:49","date_gmt":"2013-05-19T22:26:49","guid":{"rendered":"http:\/\/blogs.laverdad.es\/musicainesperada\/?p=127"},"modified":"2013-05-19T22:26:49","modified_gmt":"2013-05-19T22:26:49","slug":"la-intimidad-del-torero","status":"publish","type":"post","link":"https:\/\/blogs.laverdad.es\/musicainesperada\/2013\/05\/19\/la-intimidad-del-torero\/","title":{"rendered":"La intimidad del torero."},"content":{"rendered":"<p><a href=\"\/musicainesperada\/wp-content\/uploads\/sites\/23\/2013\/05\/marseglia.jpg\"><img loading=\"lazy\" class=\"aligncenter size-full wp-image-128\" title=\"marseglia\" src=\"\/musicainesperada\/wp-content\/uploads\/sites\/23\/2013\/05\/marseglia.jpg\" alt=\"\" width=\"120\" height=\"150\" \/><\/a><\/p>\n<p>&nbsp;<\/p>\n<p style=\"text-align: left;\">La fiesta espa\u00f1ola est\u00e1 presente en la m\u00fasica de <strong>Joaquin Turina<\/strong> (1882-1949) . El compositor sevillano es atra\u00eddo por el mundo del toreo y por toda la alegr\u00eda y barullo que lo rodea. El m\u00fasico confiesa en una ocasi\u00f3n\u00a0que la m\u00fasica de pasodobles y el grito de los clarines lo sugestionan much\u00edsimo.<\/p>\n<p style=\"text-align: left;\">Una tarde de toros, <strong>Turina<\/strong> desde el patio de caballos, contempla la peque\u00f1a capilla donde rezan los toreros.\u00a0Percibe inmediatamente\u00a0el contraste\u00a0que\u00a0existe\u00a0entre el bullicio del p\u00fablico y la soledad \u00edntima del torero, que ruega a Dios con devoci\u00f3n y esperanza.\u00a0As\u00ed\u00a0se gesta\u00a0<strong><em>La oraci\u00f3n del torero Op. 34<\/em><\/strong>, una de sus obras maestras, donde expresa con dulzura el lado m\u00e1s melanc\u00f3lico de una corrida de toros.<\/p>\n<p>La obra desprende emoci\u00f3n a raudales en la\u00a0versi\u00f3n de\u00a0<strong>&#8220;<em>Il Concerto Accademico&#8221;<\/em><\/strong>, dirigido por <strong>Marguerita Marseglia<\/strong>,\u00a0pedagoga y solista de viol\u00edn. <strong><em>Marguerita<\/em><\/strong> es una\u00a0fant\u00e1stica int\u00e9rprete\u00a0que combina, entre otros,\u00a0talento, experiencia, t\u00e9cnica y una bella sonoridad.\u00a0Nacida en Fiedrichshafen (Alemania),\u00a0tiene, al igual que\u00a0<strong>Turina<\/strong>,\u00a0 ascendencia italiana y\u00a0nos cuenta\u00a0como <strong><em>La Oraci\u00f3n del Torero\u00a0<\/em><\/strong>es compuesta inicialmente para el famoso <strong><em>Cuarteto de Laudes<\/em><\/strong> murciano de los <strong>hermanos Aguilar<\/strong>.<\/p>\n<p><strong>Marseglia<\/strong> recuerda que, hace a\u00f1os,\u00a0en la primera gira por Alemania de <strong>Il Concerto Accademico<\/strong> <em>&#8220;mi entonces compa\u00f1ero de atril, duda con enojo de mi cr\u00e9dito para indicarle c\u00f3mo se toca La oraci\u00f3n del torero sin ni siquiera haber pisado una plaza, cuando \u00e9l, desde ni\u00f1o asiste con frecuencia a corridas de toros con sus padres y abuelos&#8221;.<\/em><\/p>\n<p>La violinista reconoce que<em> &#8220;la m\u00fasica, efectivamente, no es un lenguaje universal. Es innegable que una\u00a0obra china,\u00a0las \u00f3peras de Rossini, el cante de los mineros o las canciones de invierno de Laponia no tienen el mismo lenguaje. Pero los sentimientos a los que apelan, s\u00ed. El hambre, la soledad, el miedo y el amor, entre otras emociones, est\u00e1n contenidas en las m\u00fasicas del mundo y las compartimos todos. Vivamos o no\u00a0el mundo\u00a0de los toros,\u00a0los paisajes con\u00a0nieve y renos, las fuentes de Roma o la \u00f3pera\u00a0en Pek\u00edn, Musik ist Leben!!!&#8221; (La m\u00fasica es vida).\u00a0<\/em><\/p>\n<p>El programa se complementa con la <strong><em>Suite para viol\u00edn, viola y orquesta<\/em><\/strong> del compositor noruego <strong>Kurt Atterberg<\/strong>, con los m\u00fasicos\u00a0de origen ciezano <strong>Ricardo Climent<\/strong> y <strong>Miguel \u00c1ngel Lucas<\/strong>, miembros fundadores de <strong><em>Il Concerto Accademico<\/em><\/strong> y actualmente desarrollando su Carrera profesional\u00a0en Alemania.\u00a0En la segunda parte se interpretan la <em><strong>Serenata Italiana<\/strong><\/em> de <strong>Hugo Wolf<\/strong> (obra exigente y llena de lirismo)\u00a0y\u00a0la <em><strong>Suite de los tiempos de Holberg<\/strong><\/em> de <strong>Edvard\u00a0Grieg<\/strong> con toda la magia y el hechizo de los pa\u00edses n\u00f3rdicos.<\/p>\n<p>Probablemente, los\u00a0buenos aficionados a los toros\u00a0captar\u00e1n\u00a0la emotividad de\u00a0la m\u00fasica de <strong>Turina<\/strong>\u00a0al describir el momento\u00a0m\u00e1s\u00a0\u00edntimo de la fiesta.<\/p>\n<p>&nbsp;<\/p>\n<p><strong>Martes 21 de Mayo<\/strong> de 2013, a las <strong>20h<\/strong>. Sala de C\u00e1mara &#8220;Miguel \u00c1ngel Clares&#8221; del Auditorio y Centro de Congresos de Murcia. Obras de J. Turina, K. Atterberg y H. Wolf. Il Concerto Accademico . Direcci\u00f3n: Marguerita Marseglia. Entradas: 12 euros (Consultar descuentos de 4 euros).<\/p>\n","protected":false},"excerpt":{"rendered":"<p>&nbsp; La fiesta espa\u00f1ola est\u00e1 presente en la m\u00fasica de Joaquin Turina (1882-1949) . El compositor sevillano es atra\u00eddo por el mundo del toreo y por toda la alegr\u00eda y barullo que lo rodea. El m\u00fasico confiesa en una ocasi\u00f3n\u00a0que la m\u00fasica de pasodobles y el grito de los clarines lo sugestionan much\u00edsimo. Una tarde [&hellip;]<\/p>\n","protected":false},"author":24,"featured_media":0,"comment_status":"open","ping_status":"open","sticky":false,"template":"","format":"standard","meta":[],"categories":[19],"tags":[],"_links":{"self":[{"href":"https:\/\/blogs.laverdad.es\/musicainesperada\/wp-json\/wp\/v2\/posts\/127"}],"collection":[{"href":"https:\/\/blogs.laverdad.es\/musicainesperada\/wp-json\/wp\/v2\/posts"}],"about":[{"href":"https:\/\/blogs.laverdad.es\/musicainesperada\/wp-json\/wp\/v2\/types\/post"}],"author":[{"embeddable":true,"href":"https:\/\/blogs.laverdad.es\/musicainesperada\/wp-json\/wp\/v2\/users\/24"}],"replies":[{"embeddable":true,"href":"https:\/\/blogs.laverdad.es\/musicainesperada\/wp-json\/wp\/v2\/comments?post=127"}],"version-history":[{"count":0,"href":"https:\/\/blogs.laverdad.es\/musicainesperada\/wp-json\/wp\/v2\/posts\/127\/revisions"}],"wp:attachment":[{"href":"https:\/\/blogs.laverdad.es\/musicainesperada\/wp-json\/wp\/v2\/media?parent=127"}],"wp:term":[{"taxonomy":"category","embeddable":true,"href":"https:\/\/blogs.laverdad.es\/musicainesperada\/wp-json\/wp\/v2\/categories?post=127"},{"taxonomy":"post_tag","embeddable":true,"href":"https:\/\/blogs.laverdad.es\/musicainesperada\/wp-json\/wp\/v2\/tags?post=127"}],"curies":[{"name":"wp","href":"https:\/\/api.w.org\/{rel}","templated":true}]}}