{"id":1290,"date":"2018-05-20T15:55:39","date_gmt":"2018-05-20T13:55:39","guid":{"rendered":"http:\/\/blogs.laverdad.es\/musicainesperada\/?p=1290"},"modified":"2018-05-20T15:55:39","modified_gmt":"2018-05-20T13:55:39","slug":"franca-proposicion","status":"publish","type":"post","link":"https:\/\/blogs.laverdad.es\/musicainesperada\/2018\/05\/20\/franca-proposicion\/","title":{"rendered":"Franca proposici\u00f3n"},"content":{"rendered":"<p><a href=\"https:\/\/static-blogs.laverdad.es\/wp-content\/uploads\/sites\/23\/2018\/05\/Impresion-sol-naciente.jpg\"><img loading=\"lazy\" class=\"alignright size-full wp-image-1292\" src=\"https:\/\/static-blogs.laverdad.es\/wp-content\/uploads\/sites\/23\/2018\/05\/Impresion-sol-naciente.jpg\" alt=\"impresion-sol-naciente\" width=\"1444\" height=\"1110\" \/><\/a><\/p>\n<p>&nbsp;<\/p>\n<p>La edici\u00f3n n\u00famero 25 de <em><strong>Cuadros con M\u00fasica<\/strong><\/em> nos lleva a uno de nuestros pa\u00edses vecinos de la mano de la pintura de <strong>Claude Monet<\/strong> y las composiciones del franc\u00e9s <strong>Vicent d\u00b4Indy <\/strong>y del alem\u00e1n <strong>Theodor Blumer<\/strong>.<br \/>\nComo es habitual en esta actividad musical, tras la conferencia del cuadro titulado <strong><em>Impresi\u00f3n, sol naciente<\/em><\/strong> de Monet, los m\u00fasicos del <strong><em>Conservatorio de M\u00fasica de Murcia<\/em><\/strong> nos transportar\u00e1n del impresionismo al neoclasicismo de principios del siglo XIX. El sexteto de piano y viento del conservatorio\u00a0 est\u00e1 formado por el flautista <strong>\u00c1ngel Molina Navarro<\/strong>, el oboista <strong>Pablo Ferrer Mart\u00ednez<\/strong>, la clarinetista <strong>Marina Llorente Fern\u00e1ndez<\/strong>, el trompista <strong>Salvador Garc\u00eda Garc\u00eda<\/strong>, la fagotista <strong>Ana Clemente P\u00e9rez<\/strong> y el pianista <strong>Antonio Agust\u00edn Gonz\u00e1lez Hidalgo<\/strong>, profesor del grupo de c\u00e1mara que hoy nos cuenta lo esencial sobre este concierto.<br \/>\nPara <strong>Antonio<\/strong>, <strong>Vincent d\u2019Indy<\/strong> (1851-1931), admirador del sinfonismo alem\u00e1n y del wagnerismo, fue un m\u00fasico conservador, con m\u00e1s de cien obras compuestas entre sinfon\u00edas, m\u00fasica de c\u00e1mara, m\u00fasica religiosa y m\u00fasica popular, aunque hoy d\u00eda no se interpreten mucho: <em>\u201cHa pasado a la Historia de la M\u00fasica sobre todo por su faceta de pedagogo, siendo uno de los fundadores de la Schola Cantorum de Par\u00eds, adem\u00e1s de maestro de Satie, Roussel, Milhaud, Honnegger, Alb\u00e9niz, Turina y Guridi, entre otros.&#8221;<\/em><br \/>\nCon el alem\u00e1n <strong>Theodor Blumer<\/strong> (1881-1964), sucede algo parecido, ya que su relevancia como profesor y sobre todo como director de orquesta eclipsa por completo su faceta de compositor: <em>\u201cA pesar de que cuenta con un corpus bastante prol\u00edfico, se dedic\u00f3 con mayor entrega a la direcci\u00f3n orquestal, primero con la Orquesta de la Radio de Dresde, ciudad donde naci\u00f3 y luego con la de la Orquesta de la Radio de Leipzig. Tambi\u00e9n destac\u00f3 como pianista en formaciones camer\u00edsticas para las que compuso muchas obras\u201d.<\/em><br \/>\nEl concierto, como se ha comentado de desmarca de la est\u00e9tica impresionista y las partituras que se interpretan son de corte m\u00e1s bien neocl\u00e1sico, con una estructura musical que mira m\u00e1s bien al pasado.<\/p>\n<p><strong>Antonio Gonz\u00e1lez Hidalgo<\/strong> nos aclara que <em>\u201cla primera obra es un claro homenaje a la suite de danzas barroca, mientras que la segunda posee una herencia formal cl\u00e1sica, compuesta con una rotunda construcci\u00f3n de tema con variaciones.\u201d<\/em><\/p>\n<p><a href=\"https:\/\/static-blogs.laverdad.es\/wp-content\/uploads\/sites\/23\/2018\/05\/grupo.jpg\"><img loading=\"lazy\" class=\"alignright size-full wp-image-1293\" src=\"https:\/\/static-blogs.laverdad.es\/wp-content\/uploads\/sites\/23\/2018\/05\/grupo.jpg\" alt=\"grupo\" width=\"4160\" height=\"2336\" srcset=\"https:\/\/static-blogs.laverdad.es\/wp-content\/uploads\/sites\/23\/2018\/05\/grupo.jpg 4160w, https:\/\/static-blogs.laverdad.es\/wp-content\/uploads\/sites\/23\/2018\/05\/grupo-300x168.jpg 300w, https:\/\/static-blogs.laverdad.es\/wp-content\/uploads\/sites\/23\/2018\/05\/grupo-768x431.jpg 768w, https:\/\/static-blogs.laverdad.es\/wp-content\/uploads\/sites\/23\/2018\/05\/grupo-1024x575.jpg 1024w\" sizes=\"(max-width: 4160px) 100vw, 4160px\" \/><\/a><\/p>\n<p><em><strong>Sarabande et Men<\/strong><strong>uet opus 72<\/strong><\/em>, fechada en 1918, es un arreglo para quinteto de viento y piano, realizado por el propio <strong>D\u2019Indy<\/strong>, de dos de los n\u00fameros que conforman su <strong>Suite en estilo antiguo en Re <em>opus 24<\/em><\/strong>, compuesta anteriormente para trompeta, dos flautas y cuarteto de cuerda: <em>\u201cLa forma dos movimientos totalmente contrastados, un r\u00e1pido Menuet en forma lied precedido por una lenta Sarabanda, que recuerda a una marcha de procesi\u00f3n\u201d.<\/em><br \/>\nEl <em><strong>Sexteto para piano y quinteto de viento opus 45<\/strong><\/em> de <strong>Blumer<\/strong>, fue escrita en 1921 y tiene tintes cl\u00e1sicos en su forma como en el entramado de contrapunto de su instrumentaci\u00f3n. Sin embargo, nos explica <strong>Antonio<\/strong>, respira un arrebatado aire post-rom\u00e1ntico por su textura discursiva, su finura mel\u00f3dica y su armon\u00eda alterada: <em>\u201cEs una obra de f\u00e1cil escucha que gusta tanto a int\u00e9rpretes como al p\u00fablico. Sin embargo, la obra entra\u00f1a dificultades a la hora de su montaje, tanto para lograr el adecuado empaste del grupo como para conseguir la expresi\u00f3n musical necesaria mediante cambios en su velocidad (ag\u00f3gica), adem\u00e1s de las cuestiones t\u00e9cnicas propias de la m\u00fasica de c\u00e1mara\u201d.<\/em> El profesor y pianista aclara que la obra comienza con un tema original expuesto por los instrumentos de viento y le siguen siete variaciones: <em>&#8220;La primera es una Improvisaci\u00f3n para piano solo de estilo raps\u00f3dico y al piano solo. Las siguientes se alternan en un esquema muy equilibrado entre tiempos lentos y r\u00e1pidos: Capricho, Pastoral, Danza eslava, Romanza, Humoresca y un brillante Final&#8221;.<\/em><br \/>\nEn cuanto a la preparaci\u00f3n del concierto, <strong>Antonio<\/strong> explica que: <em>&#8220;Como profesor de C\u00e1mara uno de los mayores retos es la gesti\u00f3n de la adrenalina de los alumnos j\u00f3venes. Hay que canalizar la vehemencia y el \u00edmpetu con el que tocan. Son m\u00fasicos a los que les agrada sobre todo los tiempos r\u00e1pidos y las din\u00e1micas fuertes. En este sentido, nuestro objetivo se centra en despertar o avivar en ellos la preocupaci\u00f3n por la calidad del sonido y conseguir una aut\u00e9ntica sinergia entre todos. Es tan importante la idea musical como los medios para acercarse a \u00e9sta y esto tiene que ver directamente con los alumnos.\u201d<\/em><br \/>\nEspero que disfruten de esta velada, cuyos organizadores han seleccionado un ponente y un grupo de m\u00fasicos que nos har\u00e1n disfrutar durante una hora de la mejor combinaci\u00f3n entre m\u00fasica y pintura.<br \/>\n<em><strong>Murcia, 21 de mayo, 20h. Aula Cultural de Cajamurcia en Gran V\u00eda de Murcia. Cuadros con M\u00fasica. Monet, d\u00b4Indy y Blumer. Entrada libre hasta completar aforo.<\/strong><\/em><\/p>\n","protected":false},"excerpt":{"rendered":"<p>&nbsp; La edici\u00f3n n\u00famero 25 de Cuadros con M\u00fasica nos lleva a uno de nuestros pa\u00edses vecinos de la mano de la pintura de Claude Monet y las composiciones del franc\u00e9s Vicent d\u00b4Indy y del alem\u00e1n Theodor Blumer. Como es habitual en esta actividad musical, tras la conferencia del cuadro titulado Impresi\u00f3n, sol naciente de [&hellip;]<\/p>\n","protected":false},"author":24,"featured_media":0,"comment_status":"open","ping_status":"open","sticky":false,"template":"","format":"standard","meta":[],"categories":[19],"tags":[],"_links":{"self":[{"href":"https:\/\/blogs.laverdad.es\/musicainesperada\/wp-json\/wp\/v2\/posts\/1290"}],"collection":[{"href":"https:\/\/blogs.laverdad.es\/musicainesperada\/wp-json\/wp\/v2\/posts"}],"about":[{"href":"https:\/\/blogs.laverdad.es\/musicainesperada\/wp-json\/wp\/v2\/types\/post"}],"author":[{"embeddable":true,"href":"https:\/\/blogs.laverdad.es\/musicainesperada\/wp-json\/wp\/v2\/users\/24"}],"replies":[{"embeddable":true,"href":"https:\/\/blogs.laverdad.es\/musicainesperada\/wp-json\/wp\/v2\/comments?post=1290"}],"version-history":[{"count":2,"href":"https:\/\/blogs.laverdad.es\/musicainesperada\/wp-json\/wp\/v2\/posts\/1290\/revisions"}],"predecessor-version":[{"id":1295,"href":"https:\/\/blogs.laverdad.es\/musicainesperada\/wp-json\/wp\/v2\/posts\/1290\/revisions\/1295"}],"wp:attachment":[{"href":"https:\/\/blogs.laverdad.es\/musicainesperada\/wp-json\/wp\/v2\/media?parent=1290"}],"wp:term":[{"taxonomy":"category","embeddable":true,"href":"https:\/\/blogs.laverdad.es\/musicainesperada\/wp-json\/wp\/v2\/categories?post=1290"},{"taxonomy":"post_tag","embeddable":true,"href":"https:\/\/blogs.laverdad.es\/musicainesperada\/wp-json\/wp\/v2\/tags?post=1290"}],"curies":[{"name":"wp","href":"https:\/\/api.w.org\/{rel}","templated":true}]}}