{"id":13,"date":"2013-01-24T08:00:49","date_gmt":"2013-01-24T08:00:49","guid":{"rendered":"http:\/\/blogs.laverdad.es\/musicainesperada\/?p=13"},"modified":"2013-01-24T08:00:49","modified_gmt":"2013-01-24T08:00:49","slug":"aniversario-del-nacimiento-de-mozart","status":"publish","type":"post","link":"https:\/\/blogs.laverdad.es\/musicainesperada\/2013\/01\/24\/aniversario-del-nacimiento-de-mozart\/","title":{"rendered":"Aniversario del nacimiento de Mozart"},"content":{"rendered":"<p>Mozart nace en Salzburgo (Austria)\u00a0el 27 de enero de 1756. Esta ciudad\u00a0organiza durante la Mozart Woche (Semana Mozart)\u00a0conciertos en los que participan las mejores agrupaciones, solistas y batutas del mundo. En ocasiones, el nivel musical es superior al famos\u00edsimo festival de verano.<\/p>\n<p>En nuestra ciudad, el <strong>lunes 28<\/strong> a las <strong>20h<\/strong> en el <strong>Aula Cultural de Cajamurcia<\/strong> de Gran V\u00eda, podemos asistir al concierto homenaje <em>&#8220;CON EL M\u00daSICO AMIGO&#8221;<\/em> en memoria de Joaqu\u00edn Toledo Espallardo, joven m\u00fasico que fu\u00e9 violista de la OSRM, profesor del Conservatorio Profesional de Murcia y entusiasta conversador cuando de m\u00fasica cl\u00e1sica de trataba. Se interpretan obras de Bach, Mendelssohn, Wagner, Brahms, S<a href=\"\/musicainesperada\/wp-content\/uploads\/sites\/23\/2013\/01\/Mozart1.jpg\"><img loading=\"lazy\" class=\"alignright size-thumbnail wp-image-16\" title=\"Mozart\" src=\"\/musicainesperada\/wp-content\/uploads\/sites\/23\/2013\/01\/Mozart1.jpg\" alt=\"\" width=\"150\" height=\"150\" \/><\/a>trauss, Monteverdi y Mozart.<\/p>\n<p>El <strong>jueves 31<\/strong>, en la Sala Alta del <strong>Real Casino<\/strong> de Murcia, a las <strong>20h<\/strong> hay una mesa redonda sobre <em>&#8220;La esencia de la m\u00fasica: las sinfon\u00edas de Beethoven&#8221;<\/em> en la que un music\u00f3logo, un historiador, un experto en m\u00fasica, una direrctora de orquesta y un solista de chelo, comentan los aspectos m\u00e1s relevantes de estas obras maestras y a continuaci\u00f3n se plantea un debate abierto al p\u00fablico.<\/p>\n<p>En ambas actividades la entrada es libre hasta completar aforo.<\/p>\n","protected":false},"excerpt":{"rendered":"<p>Mozart nace en Salzburgo (Austria)\u00a0el 27 de enero de 1756. Esta ciudad\u00a0organiza durante la Mozart Woche (Semana Mozart)\u00a0conciertos en los que participan las mejores agrupaciones, solistas y batutas del mundo. En ocasiones, el nivel musical es superior al famos\u00edsimo festival de verano. En nuestra ciudad, el lunes 28 a las 20h en el Aula Cultural [&hellip;]<\/p>\n","protected":false},"author":24,"featured_media":0,"comment_status":"open","ping_status":"closed","sticky":false,"template":"","format":"standard","meta":[],"categories":[17],"tags":[],"_links":{"self":[{"href":"https:\/\/blogs.laverdad.es\/musicainesperada\/wp-json\/wp\/v2\/posts\/13"}],"collection":[{"href":"https:\/\/blogs.laverdad.es\/musicainesperada\/wp-json\/wp\/v2\/posts"}],"about":[{"href":"https:\/\/blogs.laverdad.es\/musicainesperada\/wp-json\/wp\/v2\/types\/post"}],"author":[{"embeddable":true,"href":"https:\/\/blogs.laverdad.es\/musicainesperada\/wp-json\/wp\/v2\/users\/24"}],"replies":[{"embeddable":true,"href":"https:\/\/blogs.laverdad.es\/musicainesperada\/wp-json\/wp\/v2\/comments?post=13"}],"version-history":[{"count":0,"href":"https:\/\/blogs.laverdad.es\/musicainesperada\/wp-json\/wp\/v2\/posts\/13\/revisions"}],"wp:attachment":[{"href":"https:\/\/blogs.laverdad.es\/musicainesperada\/wp-json\/wp\/v2\/media?parent=13"}],"wp:term":[{"taxonomy":"category","embeddable":true,"href":"https:\/\/blogs.laverdad.es\/musicainesperada\/wp-json\/wp\/v2\/categories?post=13"},{"taxonomy":"post_tag","embeddable":true,"href":"https:\/\/blogs.laverdad.es\/musicainesperada\/wp-json\/wp\/v2\/tags?post=13"}],"curies":[{"name":"wp","href":"https:\/\/api.w.org\/{rel}","templated":true}]}}