{"id":130,"date":"2013-05-21T22:21:37","date_gmt":"2013-05-21T22:21:37","guid":{"rendered":"http:\/\/blogs.laverdad.es\/musicainesperada\/?p=130"},"modified":"2013-05-21T22:21:37","modified_gmt":"2013-05-21T22:21:37","slug":"no-les-gusta-la-tonica","status":"publish","type":"post","link":"https:\/\/blogs.laverdad.es\/musicainesperada\/2013\/05\/21\/no-les-gusta-la-tonica\/","title":{"rendered":"\u00bfNo les gusta la t\u00f3nica?"},"content":{"rendered":"<p><a href=\"\/musicainesperada\/wp-content\/uploads\/sites\/23\/2013\/05\/beethoven-BN.jpg\"><img loading=\"lazy\" class=\"aligncenter size-full wp-image-131\" title=\"beethoven BN\" src=\"\/musicainesperada\/wp-content\/uploads\/sites\/23\/2013\/05\/beethoven-BN.jpg\" alt=\"\" width=\"340\" height=\"387\" srcset=\"https:\/\/static-blogs.laverdad.es\/wp-content\/uploads\/sites\/23\/2013\/05\/beethoven-BN.jpg 340w, https:\/\/static-blogs.laverdad.es\/wp-content\/uploads\/sites\/23\/2013\/05\/beethoven-BN-264x300.jpg 264w\" sizes=\"(max-width: 340px) 100vw, 340px\" \/><\/a><\/p>\n<p>&nbsp;<\/p>\n<p>&nbsp;<\/p>\n<p>\u00bfLes sorprende el t\u00edtulo? Espero que s\u00ed, porque eso est\u00e1 en la l\u00ednea\u00a0de\u00a0<strong>Beethoven.<\/strong><\/p>\n<p>El compositor de Bonn\u00a0comienza su primera sinfon\u00eda llamando nuestra atenci\u00f3n a trav\u00e9s de la sorpresa.\u00a0Cuando nos pregunta: \u00bfNo les gusta la t\u00f3nica?\u00a0\u00a0A continuaci\u00f3n nos dice: Pues si les gusta la t\u00f3nica, les voy a dar otra cosa.<\/p>\n<p>El m\u00fasico,\u00a0en lugar de empezar su\u00a0sinfon\u00eda en DO mayor con\u00a0el esperado acorde de la nota\u00a0t\u00f3nica (en este caso DO-MI-SOL)\u00a0 crea una disonancia empleando\u00a0<strong><em>el\u00a0acorde de s\u00e9ptima de dominante<\/em><\/strong> de la nota FA (es decir, DO-MI-SOL-SI bemol). Realmente, <strong>Beethoven<\/strong>, con este inicio\u00a0protesta contra todo lo que no le gusta en su interior y en su entorno social y pol\u00edtico.<\/p>\n<p><strong>Ludwig van Beethoven<\/strong> escribe su primera sinfon\u00eda a los 30 a\u00f1os de edad, cuando la humanidad ya conoce las sinfon\u00edas de <strong>Mozart<\/strong> y <strong>Haydn<\/strong>.\u00a0Para cualquier compositor esto ser\u00eda un reto insuperable, pero <strong>Ludwig<\/strong> tiene claro desde el principio que\u00a0va a dinamitar la forma sinf\u00f3nica cl\u00e1sica sin traicionarla del todo.<\/p>\n<p>Es cierto que\u00a0<strong>Beethoven<\/strong>\u00a0&#8220;incomoda&#8221; al oyente\u00a0con detalles de su m\u00fasica, pero consigue llegar a\u00a0\u00e9l\u00a0con suma facilidad, de forma que apreciamos todo su arte aunque no sepamos leer una partitura..<\/p>\n<p>El genio alem\u00e1n\u00a0destaca por el ritmo musical\u00a0implacable y por como desarrolla y juega con los temas de las sinfon\u00edas.\u00a0No es\u00a0por tanto un compositor de inspiraci\u00f3n, sino de elaboraci\u00f3n y construcci\u00f3n.<\/p>\n<p>A\u00a0lo largo de esta temporada hemos escuchado casi todas\u00a0las sinfon\u00edas de Beethoven. El ciclo se complete con\u00a0el \u00faltimo\u00a0bloque de\u00a0las dos primeras obras. Realmente, hay que agradecer a la <strong>Orquesta Sinf\u00f3nica<\/strong> y a la <strong>Orquesta de J\u00f3venes de la Regi\u00f3n de Murcia<\/strong> y a su directora titular, <strong>Virginia Mart\u00ednez<\/strong>,\u00a0el esfuerzo, dedicaci\u00f3n, planificaci\u00f3n\u00a0\u00a0y brillante ejecuci\u00f3n de este repertorio. Enhorabuena a todos los implicados (a los que\u00a0vemos y a los que trabajan en la sombra).<\/p>\n<p>\u00a1Gracias a todos de coraz\u00f3n!<\/p>\n<p><em>Sinfon\u00edas 1 y 2 de L. van Beethoven. Obertura Coriolano.\u00a0OSRM. Direcci\u00f3n: Virginia Mart\u00ednez. Miercoles <strong>22 de mayo<\/strong>, <strong>20:30h<\/strong>, Auditorio El Batel de Cartagena. Jueves <strong>23 de mayo, 2oh<\/strong>, Auditorio V\u00edctor Villegas de Murcia. (<strong>Charla previa<\/strong> una hora antes del concierto).<\/em><\/p>\n","protected":false},"excerpt":{"rendered":"<p>&nbsp; &nbsp; \u00bfLes sorprende el t\u00edtulo? Espero que s\u00ed, porque eso est\u00e1 en la l\u00ednea\u00a0de\u00a0Beethoven. El compositor de Bonn\u00a0comienza su primera sinfon\u00eda llamando nuestra atenci\u00f3n a trav\u00e9s de la sorpresa.\u00a0Cuando nos pregunta: \u00bfNo les gusta la t\u00f3nica?\u00a0\u00a0A continuaci\u00f3n nos dice: Pues si les gusta la t\u00f3nica, les voy a dar otra cosa. El m\u00fasico,\u00a0en lugar [&hellip;]<\/p>\n","protected":false},"author":24,"featured_media":0,"comment_status":"open","ping_status":"open","sticky":false,"template":"","format":"standard","meta":[],"categories":[19],"tags":[],"_links":{"self":[{"href":"https:\/\/blogs.laverdad.es\/musicainesperada\/wp-json\/wp\/v2\/posts\/130"}],"collection":[{"href":"https:\/\/blogs.laverdad.es\/musicainesperada\/wp-json\/wp\/v2\/posts"}],"about":[{"href":"https:\/\/blogs.laverdad.es\/musicainesperada\/wp-json\/wp\/v2\/types\/post"}],"author":[{"embeddable":true,"href":"https:\/\/blogs.laverdad.es\/musicainesperada\/wp-json\/wp\/v2\/users\/24"}],"replies":[{"embeddable":true,"href":"https:\/\/blogs.laverdad.es\/musicainesperada\/wp-json\/wp\/v2\/comments?post=130"}],"version-history":[{"count":0,"href":"https:\/\/blogs.laverdad.es\/musicainesperada\/wp-json\/wp\/v2\/posts\/130\/revisions"}],"wp:attachment":[{"href":"https:\/\/blogs.laverdad.es\/musicainesperada\/wp-json\/wp\/v2\/media?parent=130"}],"wp:term":[{"taxonomy":"category","embeddable":true,"href":"https:\/\/blogs.laverdad.es\/musicainesperada\/wp-json\/wp\/v2\/categories?post=130"},{"taxonomy":"post_tag","embeddable":true,"href":"https:\/\/blogs.laverdad.es\/musicainesperada\/wp-json\/wp\/v2\/tags?post=130"}],"curies":[{"name":"wp","href":"https:\/\/api.w.org\/{rel}","templated":true}]}}