{"id":1319,"date":"2018-07-11T23:57:53","date_gmt":"2018-07-11T21:57:53","guid":{"rendered":"http:\/\/blogs.laverdad.es\/musicainesperada\/?p=1319"},"modified":"2018-07-12T00:19:51","modified_gmt":"2018-07-11T22:19:51","slug":"sentimiento-pilgrim","status":"publish","type":"post","link":"https:\/\/blogs.laverdad.es\/musicainesperada\/2018\/07\/11\/sentimiento-pilgrim\/","title":{"rendered":"Sentimiento pilgrim"},"content":{"rendered":"<p>Hasta la semana pasada, a lo largo de mi existencia no hab\u00eda realizado peregrinaci\u00f3n alguna. Hace unos seis meses decid\u00ed enrolarme en una carrera ciclista singular que me llevar\u00eda desde Madrid a Santiago de Compostela a lo largo de 650 kil\u00f3metros, toda una aventura considerando mi m\u00ednima experiencia encima de una bicicleta.<\/p>\n<p>La <em><strong>GAES Pilgrim Race<\/strong><\/em> ha resultado una aventura increible de siete d\u00edas de duraci\u00f3n en la que he convivido con personas de diferentes trayectorias vitales procedentes de distintas partes del mundo. He pedaleado y compartido campamento, comida y habituallamientos con hombres y mujeres que hemos tenido una suerte desigual en la vida pero cuya determinaci\u00f3n y esfuerzo nos ha puesto a todos en el mismo plano f\u00edsico y emocional. He aprendido mucho de esta feliz andadura donde tanto me han ayudado y en la que he tratado de corresponder parcialmente a tanta gratitud.<\/p>\n<p>A lo largo de esta peregrinaci\u00f3n ciclista a Santiago de Compostela se han producido ca\u00eddas y enfermedades que han impedido que algunos llegasen f\u00edsicamente a la Plaza del Obradoiro, aunque creo que en ese momento m\u00e1gico las almas de todos los que tomamos la salida estaban presentes en la meta.<\/p>\n<p>En la \u00faltima etapa las colinas que rodean la localidad de Chantada amanecieron inundadas de una espesa niebla que pudimos sobrepasar a medida que ascend\u00edamos. Era tal la belleza del paisaje que en ese momento reson\u00f3 en mi interior el emotivo coro de los peregrinos de la \u00f3pera <strong><em>Tannh\u00e4user<\/em><\/strong> de <strong>Richard Wagner<\/strong> y que pueden escuchar en el video adjunto.<\/p>\n<p>Como podr\u00e1n apreciar, la solemnidad y majestuosidad con la que comienza esta coral alcanza su c\u00e9nit cuando toma protagonismo la orquesta con el acompa\u00f1amieto en corcheas de los violines (ver 2:02).<\/p>\n<p>En definitiva se trata de un canto a la esperanza y a la rendeci\u00f3n a trav\u00e9s del amor, que podr\u00eda ser la banda sonora de las vivencias de la peregrinaci\u00f3n a Santiago de Compostela, vivencias que perdurar\u00e1n eternamente para el resto de nuestros d\u00edas, tal y como expresa la \u00faltima estrofa de esta bella coral.<\/p>\n<p>&nbsp;<\/p>\n<p><iframe loading=\"lazy\" width=\"500\" height=\"375\" src=\"https:\/\/www.youtube.com\/embed\/mADk_bqsr6M?feature=oembed\" frameborder=\"0\" allow=\"autoplay; encrypted-media\" allowfullscreen><\/iframe><\/p>\n","protected":false},"excerpt":{"rendered":"<p>Hasta la semana pasada, a lo largo de mi existencia no hab\u00eda realizado peregrinaci\u00f3n alguna. Hace unos seis meses decid\u00ed enrolarme en una carrera ciclista singular que me llevar\u00eda desde Madrid a Santiago de Compostela a lo largo de 650 kil\u00f3metros, toda una aventura considerando mi m\u00ednima experiencia encima de una bicicleta. La GAES Pilgrim [&hellip;]<\/p>\n","protected":false},"author":24,"featured_media":0,"comment_status":"open","ping_status":"open","sticky":false,"template":"","format":"standard","meta":[],"categories":[8,16],"tags":[],"_links":{"self":[{"href":"https:\/\/blogs.laverdad.es\/musicainesperada\/wp-json\/wp\/v2\/posts\/1319"}],"collection":[{"href":"https:\/\/blogs.laverdad.es\/musicainesperada\/wp-json\/wp\/v2\/posts"}],"about":[{"href":"https:\/\/blogs.laverdad.es\/musicainesperada\/wp-json\/wp\/v2\/types\/post"}],"author":[{"embeddable":true,"href":"https:\/\/blogs.laverdad.es\/musicainesperada\/wp-json\/wp\/v2\/users\/24"}],"replies":[{"embeddable":true,"href":"https:\/\/blogs.laverdad.es\/musicainesperada\/wp-json\/wp\/v2\/comments?post=1319"}],"version-history":[{"count":3,"href":"https:\/\/blogs.laverdad.es\/musicainesperada\/wp-json\/wp\/v2\/posts\/1319\/revisions"}],"predecessor-version":[{"id":1322,"href":"https:\/\/blogs.laverdad.es\/musicainesperada\/wp-json\/wp\/v2\/posts\/1319\/revisions\/1322"}],"wp:attachment":[{"href":"https:\/\/blogs.laverdad.es\/musicainesperada\/wp-json\/wp\/v2\/media?parent=1319"}],"wp:term":[{"taxonomy":"category","embeddable":true,"href":"https:\/\/blogs.laverdad.es\/musicainesperada\/wp-json\/wp\/v2\/categories?post=1319"},{"taxonomy":"post_tag","embeddable":true,"href":"https:\/\/blogs.laverdad.es\/musicainesperada\/wp-json\/wp\/v2\/tags?post=1319"}],"curies":[{"name":"wp","href":"https:\/\/api.w.org\/{rel}","templated":true}]}}