{"id":132,"date":"2013-05-26T19:05:15","date_gmt":"2013-05-26T19:05:15","guid":{"rendered":"http:\/\/blogs.laverdad.es\/musicainesperada\/?p=132"},"modified":"2013-05-26T19:05:15","modified_gmt":"2013-05-26T19:05:15","slug":"mozart-y-la-diosa","status":"publish","type":"post","link":"https:\/\/blogs.laverdad.es\/musicainesperada\/2013\/05\/26\/mozart-y-la-diosa\/","title":{"rendered":"Mozart y la diosa."},"content":{"rendered":"<p><strong><a href=\"\/musicainesperada\/wp-content\/uploads\/sites\/23\/2013\/05\/saravasti1.jpg\"><img loading=\"lazy\" class=\"aligncenter size-full wp-image-134\" title=\"saravasti\" src=\"\/musicainesperada\/wp-content\/uploads\/sites\/23\/2013\/05\/saravasti1.jpg\" alt=\"\" width=\"640\" height=\"480\" srcset=\"https:\/\/static-blogs.laverdad.es\/wp-content\/uploads\/sites\/23\/2013\/05\/saravasti1.jpg 640w, https:\/\/static-blogs.laverdad.es\/wp-content\/uploads\/sites\/23\/2013\/05\/saravasti1-300x225.jpg 300w\" sizes=\"(max-width: 640px) 100vw, 640px\" \/><\/a><\/strong><\/p>\n<p><strong><\/strong><\/p>\n<p><strong>Wolfgang Amadeus Mozart<\/strong> es un maestro de la\u00a0m\u00fasica de c\u00e1mara. A lo largo de su vida, pasa por periodos muy creativos en la composici\u00f3n de cuartetos de cuerda. En 1773 escribe los seis <em><strong>cuartetos italianos<\/strong><\/em> y, meses m\u00e1s tarde, los seis <em><strong>cuartetos vieneses<\/strong><\/em>. Pero es en la capital austr\u00edaca donde, nueve a\u00f1os m\u00e1s tarde, ven la luz\u00a0sus famosos <em><strong>cuartetos &#8220;dedicados a Haydn&#8221;,<\/strong><\/em> con claras influencias de este m\u00fasico y del gran <strong>Juan Sebatian Bach<\/strong>.<\/p>\n<p>El primero de los cuartetos de cuerda\u00a0&#8220;dedicados a Haydn&#8221; es el <em><strong>&#8220;Cuarteto Primavera&#8221;<\/strong><\/em> o <em><strong>n\u00famero 14 en sol mayor K. 387<\/strong><\/em>. En esta obra Mozart hace gala de su maestr\u00eda en el arte de la fuga y de\u00a0su habilidad fuera de lo com\u00fan para jugar con la armon\u00eda y las disonancias.<\/p>\n<p>El martes escucharemos en Murcia esta joya de la m\u00fasica de c\u00e1mara interpretada por el <strong>Cuarteto Saravasti<\/strong>, que toma su nombre de la diosa hind\u00fa de la sab\u00eddur\u00eda y de las artes. Siempre es interesante conocer la visi\u00f3n del m\u00fasico que, es esta occasi\u00f3n, es <strong>Diego Sanz<\/strong>, violinista de esta formaci\u00f3n (en la imagen, el segundo por la izquierda)\u00a0.\u00a0<strong>Diego<\/strong> nos invita a prestar\u00a0mucha\u00a0atenci\u00f3n\u00a0sobre <em>&#8220;el segundo tema del primer movimiento -Allegro vivace assai-, que es presentado por el segundo viol\u00edn para, a continuaci\u00f3n, compartirlo con\u00a0el viol\u00edn primero y la\u00a0viola&#8221;.<\/em><\/p>\n<p>La obra contiene\u00a0un <em>Menuetto<\/em> en\u00a0el segundo movimiento, seguido por un <em>Andante cantabile<\/em> en Do mayor\u00a0<em> \u201ccon un\u00a0lirismo del viol\u00edn primero capaz de transmitir la extrema sensibilidad y exquisitez musical de este genial compositor\u201d.<\/em><\/p>\n<p>El cuarto movimiento <em>Molto Allegro<\/em> es el \u00fanico de los \u00faltimos cuartetos de <strong>Mozart<\/strong> que tiene un<em> &#8220;tema fugado\u00a0de cuatro notas redondas\u00a0iniciado por el viol\u00edn Segundo y que\u00a0nos\u00a0recuerda el cuarto movimiento de\u00a0la Sinfon\u00eda n\u00ba 41 &#8220;J\u00fa<\/em><em>piter&#8221; con el que comparte muchos detalles musicales&#8221;.<\/em><\/p>\n<p>En una entrevista reciente en el diario &#8220;El Mundo&#8221;, la soprano <strong>B\u00e1rbara Hendricks<\/strong> alerta del riesgo de malnutrici\u00f3n musical\u00a0en\u00a0la sociedad si no se educa en esta disciplina. Desde este blog agradezco a las agrupaciones que, como el <strong>Cuarteto Saravasti,<\/strong>\u00a0programan m\u00fasica de <strong>Mozart<\/strong>, ya que este compositor es\u00a0un &#8220;amino\u00e1cido esencial&#8221; en una dieta musical sana, complete y equilibrada.<\/p>\n<p>Esta obra hay que escucharla <span style=\"text-decoration: underline;\">en directo<\/span> al menos una vez en la vida.\u00a0Se van a emocionar\u00a0mucho al\u00a0identificar con claridad cada una de las\u00a0cuatro voces (dos violins, viola y violonchelo) para las que compone <strong>Mozart<\/strong>.<\/p>\n<p>&nbsp;<\/p>\n<p><em><strong>Martes 28 de Mayo, 20 h. Auditorio V\u00edctor Villegas. Cuarteto de cuerda K. 387 de W.A. Mozart y Quinteto con piano Op.81 de A. Dvorak. Cuarteto Saravasti y Miguel Bar\u00f3 (piano). Entrada 12 euros (consultar descuentos).<\/strong><\/em><\/p>\n<p>&nbsp;<\/p>\n<p>&nbsp;<\/p>\n","protected":false},"excerpt":{"rendered":"<p>Wolfgang Amadeus Mozart es un maestro de la\u00a0m\u00fasica de c\u00e1mara. A lo largo de su vida, pasa por periodos muy creativos en la composici\u00f3n de cuartetos de cuerda. En 1773 escribe los seis cuartetos italianos y, meses m\u00e1s tarde, los seis cuartetos vieneses. Pero es en la capital austr\u00edaca donde, nueve a\u00f1os m\u00e1s tarde, ven [&hellip;]<\/p>\n","protected":false},"author":24,"featured_media":0,"comment_status":"open","ping_status":"open","sticky":false,"template":"","format":"standard","meta":[],"categories":[19],"tags":[],"_links":{"self":[{"href":"https:\/\/blogs.laverdad.es\/musicainesperada\/wp-json\/wp\/v2\/posts\/132"}],"collection":[{"href":"https:\/\/blogs.laverdad.es\/musicainesperada\/wp-json\/wp\/v2\/posts"}],"about":[{"href":"https:\/\/blogs.laverdad.es\/musicainesperada\/wp-json\/wp\/v2\/types\/post"}],"author":[{"embeddable":true,"href":"https:\/\/blogs.laverdad.es\/musicainesperada\/wp-json\/wp\/v2\/users\/24"}],"replies":[{"embeddable":true,"href":"https:\/\/blogs.laverdad.es\/musicainesperada\/wp-json\/wp\/v2\/comments?post=132"}],"version-history":[{"count":0,"href":"https:\/\/blogs.laverdad.es\/musicainesperada\/wp-json\/wp\/v2\/posts\/132\/revisions"}],"wp:attachment":[{"href":"https:\/\/blogs.laverdad.es\/musicainesperada\/wp-json\/wp\/v2\/media?parent=132"}],"wp:term":[{"taxonomy":"category","embeddable":true,"href":"https:\/\/blogs.laverdad.es\/musicainesperada\/wp-json\/wp\/v2\/categories?post=132"},{"taxonomy":"post_tag","embeddable":true,"href":"https:\/\/blogs.laverdad.es\/musicainesperada\/wp-json\/wp\/v2\/tags?post=132"}],"curies":[{"name":"wp","href":"https:\/\/api.w.org\/{rel}","templated":true}]}}