{"id":1323,"date":"2018-07-17T14:45:34","date_gmt":"2018-07-17T12:45:34","guid":{"rendered":"https:\/\/blogs.laverdad.es\/musicainesperada\/?p=1323"},"modified":"2018-07-17T14:45:34","modified_gmt":"2018-07-17T12:45:34","slug":"dialogos-pulsados","status":"publish","type":"post","link":"https:\/\/blogs.laverdad.es\/musicainesperada\/2018\/07\/17\/dialogos-pulsados\/","title":{"rendered":"Di\u00e1logos pulsados"},"content":{"rendered":"<p><a href=\"https:\/\/static-blogs.laverdad.es\/wp-content\/uploads\/sites\/23\/2018\/07\/Foto-Zapico.jpeg\"><img loading=\"lazy\" class=\"alignright size-full wp-image-1324\" src=\"https:\/\/static-blogs.laverdad.es\/wp-content\/uploads\/sites\/23\/2018\/07\/Foto-Zapico.jpeg\" alt=\"foto-zapico\" width=\"2048\" height=\"1365\" srcset=\"https:\/\/static-blogs.laverdad.es\/wp-content\/uploads\/sites\/23\/2018\/07\/Foto-Zapico.jpeg 2048w, https:\/\/static-blogs.laverdad.es\/wp-content\/uploads\/sites\/23\/2018\/07\/Foto-Zapico-300x200.jpeg 300w, https:\/\/static-blogs.laverdad.es\/wp-content\/uploads\/sites\/23\/2018\/07\/Foto-Zapico-768x512.jpeg 768w, https:\/\/static-blogs.laverdad.es\/wp-content\/uploads\/sites\/23\/2018\/07\/Foto-Zapico-1024x683.jpeg 1024w\" sizes=\"(max-width: 2048px) 100vw, 2048px\" \/><\/a><\/p>\n<p>El verano nos trae buena m\u00fasica a la Regi\u00f3n de Murcia. Desde ma\u00f1ana hasta el 28 de julio se celebra la tercera edici\u00f3n del <strong><em>ECOS Festival Internacional de M\u00fasica Antigua de Sierra Espu\u00f1a<\/em><\/strong> en la que los seis municipios que forman la mancomunidad se vuelcan en un evento musical de primer nivel y que organiza <em><strong>Early Music Project<\/strong> <\/em>bajo la direcci\u00f3n art\u00edstica de <strong>Jorge Losana.<\/strong><\/p>\n<p>Entre los atractivos de esta edici\u00f3n del <strong><em>ECOS 2018<\/em> <\/strong>est\u00e1n los grupos residentes seleccionados para el festival y que son el cuarteto femenino <em><strong>Quartetto Nero<\/strong><\/em> de Polonia; el tr\u00edo argentino de flauta de pico, clave y cello denominado <em><strong>Imaginario Barroco<\/strong><\/em> y el cuarteto de flauta cl\u00e1sico formado por traverso, violines y cello llamado <em><strong>Nuri Collective<\/strong><\/em>, formado en la Escuela Superior de M\u00fasica de Catalu\u00f1a (ESMUC) por int\u00e9rpretes de Corea del Sur, Suecia e Italia.<\/p>\n<p>El concierto inaugural del <strong><em>ECOS Festival 2018<\/em><\/strong> ser\u00e1 ofrecido por los hermanos <strong>Pablo<\/strong> y <strong>Daniel Zapico<\/strong> en el Estrecho de la Aualeja, un entorno espectacular que la naturaleza nos ha regalado en las cercan\u00edas de Aledo. La disponibilidad de estos m\u00fasicos para contarnos c\u00f3mo va a ser su concierto de m\u00fasica antigua, nos permiten adelantar que van a ser fieles a los criterios hist\u00f3ricos del periodo correspondiente, empleando como instrumentos la tiorba y la guitarra barroca. <strong>Daniel<\/strong> explica que: <em>\u201cEl programa \u00abMediterr\u00e1nea\u00bb tiene mucha dosis de frescura e improvisaci\u00f3n y re\u00fane danzas espa\u00f1olas e italianas del Barroco para estos instrumentos. Son piezas propias del repertorio de cada uno de los instrumentos sobre las que hemos trabajado nuevos acompa\u00f1amientos y variaciones, tal y como era pr\u00e1ctica en la \u00e9poca\u201d.<\/em><\/p>\n<p>Para los arreglos de guitarra y tiorba, los int\u00e9rpretes han creado estructuras formales muy parecidas al lenguaje pop moderno, formadas por estrofas con uno o dos estribillos. Para <strong>Pablo<\/strong> esto no es un invento de hoy d\u00eda: <em>\u201cEs algo com\u00fan a cualquier tipo de m\u00fasica popular y es lo que la hac\u00eda pegadiza y f\u00e1cil de recordar. No nos conformamos con escribir la partitura de arriba a abajo porque en nuestra opini\u00f3n no fueron concebidas as\u00ed. Las partituras por entonces eran simplemente unas pautas o instrucciones para desarrollar tu propia m\u00fasica a tu propio gusto.\u201d<\/em><\/p>\n<p>Esto, desde luego, tiene el aliciente de que a medida que se desarrolla la pieza, acabe independiz\u00e1ndose del resto, seg\u00fan opinan los <strong>Zapico<\/strong>:<em> \u201cAdem\u00e1s, aunque uno acometa la mayor\u00eda de los solos y el otro le acompa\u00f1e y reaccione en cada uno de ellos, en ocasiones nos intercambiamos los papeles y as\u00ed la posibilidad del di\u00e1logo duplica el crecimiento de la obra\u201d.<\/em><\/p>\n<p>Sobre las particularidades de los instrumentos, <strong>Pablo<\/strong> aclara que <em>\u201cen t\u00e9rminos generales, la tiorba es un instrumento de poderosa tesitura grave, car\u00e1cter r\u00edtmico y un timbre profundo capaz de llenar por s\u00ed solo cualquier espacio. Las caracter\u00edsticas de la guitarra barroca atendiendo a su t\u00e9cnica de ejecuci\u00f3n son el punteado, que la hace muy \u00e1gil, y el rasgueado con el que dibuja enormes contrastes din\u00e1micos dotados de mucho ritmo\u201d.<\/em><\/p>\n<p>Los afortunados que asistan al concierto de ma\u00f1ana (hay dos horarios) escuchar\u00e1n obras y sonoridades nuevas. <strong>Daniel<\/strong> advierte que <em>\u201clos momentos m\u00e1gicos se producen de forma diferente en cada persona ya que van ligados a alguna sensaci\u00f3n, sensibilidad o experiencia personal que conecta en mayor grado con una pieza o situaci\u00f3n concreta\u201d.<\/em><\/p>\n<p>Lo que es indiscutible es que con la calidad de estos m\u00fasicos y la belleza singular del entorno, surgir\u00e1n muchos instantes con magia que los int\u00e9rpretes tratar\u00e1n de transmitir al oyente. Para <strong>Pablo<\/strong>, <em>\u201cel espacio juega un papel muy importante, si no definitivo, para lograr la deseada comuni\u00f3n entre el int\u00e9rprete y el p\u00fablico. Cuando sientes que la audiencia disfruta, escucha con atenci\u00f3n, marca el comp\u00e1s con el pie o sonr\u00ede, quieres dar lo mejor de ti y corresponderles\u201d.<\/em><\/p>\n<p>Adem\u00e1s de actuar en concierto, <strong>Pablo Zapico<\/strong> impartir\u00e1 los d\u00edas 19 y 20 de julio, el Curso Intensivo de Bajo Continuo dentro de la Academia Internacional del <em><strong>ECOS Festival<\/strong><\/em>. El programa de conciertos lo pueden consultar en <strong><em>www.ecosfestival.com.<\/em><\/strong><\/p>\n<p>&nbsp;<\/p>\n<p><strong><em>Mi\u00e9rcoles 18 de julio, 21h y 22:30h. Estrecho de la Agualeja de Aledo (Murcia). Concierto de Apertura del ECOS Festival: Mediterr\u00e1nea. Danzas espa\u00f1olas e italianas del Barroco de Gaspar Sanz, Giovanni Girolamo Kapsberger y Santiago de Murcia. Entradas entre 5 y 15 euros.<\/em><\/strong><\/p>\n","protected":false},"excerpt":{"rendered":"<p>El verano nos trae buena m\u00fasica a la Regi\u00f3n de Murcia. Desde ma\u00f1ana hasta el 28 de julio se celebra la tercera edici\u00f3n del ECOS Festival Internacional de M\u00fasica Antigua de Sierra Espu\u00f1a en la que los seis municipios que forman la mancomunidad se vuelcan en un evento musical de primer nivel y que organiza [&hellip;]<\/p>\n","protected":false},"author":24,"featured_media":0,"comment_status":"open","ping_status":"open","sticky":false,"template":"","format":"standard","meta":[],"categories":[5,19],"tags":[],"_links":{"self":[{"href":"https:\/\/blogs.laverdad.es\/musicainesperada\/wp-json\/wp\/v2\/posts\/1323"}],"collection":[{"href":"https:\/\/blogs.laverdad.es\/musicainesperada\/wp-json\/wp\/v2\/posts"}],"about":[{"href":"https:\/\/blogs.laverdad.es\/musicainesperada\/wp-json\/wp\/v2\/types\/post"}],"author":[{"embeddable":true,"href":"https:\/\/blogs.laverdad.es\/musicainesperada\/wp-json\/wp\/v2\/users\/24"}],"replies":[{"embeddable":true,"href":"https:\/\/blogs.laverdad.es\/musicainesperada\/wp-json\/wp\/v2\/comments?post=1323"}],"version-history":[{"count":1,"href":"https:\/\/blogs.laverdad.es\/musicainesperada\/wp-json\/wp\/v2\/posts\/1323\/revisions"}],"predecessor-version":[{"id":1325,"href":"https:\/\/blogs.laverdad.es\/musicainesperada\/wp-json\/wp\/v2\/posts\/1323\/revisions\/1325"}],"wp:attachment":[{"href":"https:\/\/blogs.laverdad.es\/musicainesperada\/wp-json\/wp\/v2\/media?parent=1323"}],"wp:term":[{"taxonomy":"category","embeddable":true,"href":"https:\/\/blogs.laverdad.es\/musicainesperada\/wp-json\/wp\/v2\/categories?post=1323"},{"taxonomy":"post_tag","embeddable":true,"href":"https:\/\/blogs.laverdad.es\/musicainesperada\/wp-json\/wp\/v2\/tags?post=1323"}],"curies":[{"name":"wp","href":"https:\/\/api.w.org\/{rel}","templated":true}]}}