{"id":1330,"date":"2018-08-01T22:30:38","date_gmt":"2018-08-01T20:30:38","guid":{"rendered":"https:\/\/blogs.laverdad.es\/musicainesperada\/?p=1330"},"modified":"2018-08-01T22:30:38","modified_gmt":"2018-08-01T20:30:38","slug":"remedios-magicos-contra-la-maldad","status":"publish","type":"post","link":"https:\/\/blogs.laverdad.es\/musicainesperada\/2018\/08\/01\/remedios-magicos-contra-la-maldad\/","title":{"rendered":"Remedios m\u00e1gicos contra la maldad"},"content":{"rendered":"<p>Vivir en armon\u00eda es uno de los ideales humanos m\u00e1s destacados de <strong><em>La flauta m\u00e1gica<\/em><\/strong>, la c\u00e9lebre \u00f3pera de <strong>Mozart<\/strong> que tanto atrae al oyente maduro como a los m\u00e1s peque\u00f1os.<\/p>\n<p>Una de las escenas m\u00e1s divertidas y m\u00e1s interesantes desde el punto de vista musical es el dueto y coro de las escenas 16 y 17 del <em>Finale<\/em> del primer acto. La princesa Pamina y el cazador de p\u00e1jaros Papageno cantan felizmente una melod\u00eda en Sol mayor, la armadura de clave que <strong>Mozart<\/strong> asign\u00f3 a este singular personaje masculino tan representativo del pueblo llano y cuya flauta emite el caracter\u00edsticos sol-la-si-do-re tan reconocible para la mayor\u00eda de nosotros. Por lo tanto, Pamina, que representa a la sociedad vienesa,\u00a0 en esta escena adapta su canto a la tonalidad del popular Papageno, lo que tienen un claro significado de fraternidad e igualdad.<\/p>\n<p>La ilusi\u00f3n y la alegr\u00eda que experimentan los dos personajes al comprobar que el pr\u00edncipe Tamino les responde con su flauta m\u00e1gica, contrasta con la irrupci\u00f3n de Monostatos y sus secuaces, representantes de la maldad que amenaza la felicidad de todos.<\/p>\n<p>Cuando parece que todo est\u00e1 perdido, Papageno recuerda que tiene el carill\u00f3n m\u00e1gico y diciendo <em>&#8220;Quien mucho arriesga, mucho gana&#8221;<\/em>, hace sonar sus campanillas para propagar una de las melod\u00edas m\u00e1s bellas y simp\u00e1ticas de toda la historia de la m\u00fasica, una danza donde los malos, en contra de sus deseos, olvidan sus pretensiones y salen de escena entonando <em>&#8220;Das klinget so herrlich, das klinget so sch\u00f6n!&#8221;<\/em> (\u00a1Qu\u00e9 sonidos tan deliciosos, qu\u00e9 sonidos tan hermosos!).<\/p>\n<p>El duo de alegr\u00eda de Pamina y Papageno por sentirse de nuevo libres es todo un alegato a la amistad con un claro car\u00e1cter moralizador:<em> &#8220;Si todo hombre valiente encontrara unas campanitas como esas, sus enemigos desaparecer\u00edan sin la menor difcultad y \u00e9l vivir\u00eda sin ellos en la mejor armon\u00eda. Solo la armon\u00eda de la amistad, alivia las penas&#8230;&#8221;<\/em><\/p>\n<p>Les adjunto un v\u00eddeo para que puedan apreciar los detalles de esta delicia que nos regal\u00f3 <strong>Mozart<\/strong>, con la sugerencia de que escuchen <strong><em>La flauta m\u00e1gica<\/em> <\/strong>en su totalidad, una m\u00fasica que entusiasmar\u00e1 a los peque\u00f1os de la casa y nos har\u00e1 a\u00fan mejores personas.<\/p>\n<p>&nbsp;<\/p>\n<p><iframe loading=\"lazy\" width=\"500\" height=\"281\" src=\"https:\/\/www.youtube.com\/embed\/DadCneF5dLk?feature=oembed\" frameborder=\"0\" allow=\"autoplay; encrypted-media\" allowfullscreen><\/iframe><\/p>\n","protected":false},"excerpt":{"rendered":"<p>Vivir en armon\u00eda es uno de los ideales humanos m\u00e1s destacados de La flauta m\u00e1gica, la c\u00e9lebre \u00f3pera de Mozart que tanto atrae al oyente maduro como a los m\u00e1s peque\u00f1os. Una de las escenas m\u00e1s divertidas y m\u00e1s interesantes desde el punto de vista musical es el dueto y coro de las escenas 16 [&hellip;]<\/p>\n","protected":false},"author":24,"featured_media":0,"comment_status":"open","ping_status":"open","sticky":false,"template":"","format":"standard","meta":[],"categories":[10],"tags":[],"_links":{"self":[{"href":"https:\/\/blogs.laverdad.es\/musicainesperada\/wp-json\/wp\/v2\/posts\/1330"}],"collection":[{"href":"https:\/\/blogs.laverdad.es\/musicainesperada\/wp-json\/wp\/v2\/posts"}],"about":[{"href":"https:\/\/blogs.laverdad.es\/musicainesperada\/wp-json\/wp\/v2\/types\/post"}],"author":[{"embeddable":true,"href":"https:\/\/blogs.laverdad.es\/musicainesperada\/wp-json\/wp\/v2\/users\/24"}],"replies":[{"embeddable":true,"href":"https:\/\/blogs.laverdad.es\/musicainesperada\/wp-json\/wp\/v2\/comments?post=1330"}],"version-history":[{"count":2,"href":"https:\/\/blogs.laverdad.es\/musicainesperada\/wp-json\/wp\/v2\/posts\/1330\/revisions"}],"predecessor-version":[{"id":1332,"href":"https:\/\/blogs.laverdad.es\/musicainesperada\/wp-json\/wp\/v2\/posts\/1330\/revisions\/1332"}],"wp:attachment":[{"href":"https:\/\/blogs.laverdad.es\/musicainesperada\/wp-json\/wp\/v2\/media?parent=1330"}],"wp:term":[{"taxonomy":"category","embeddable":true,"href":"https:\/\/blogs.laverdad.es\/musicainesperada\/wp-json\/wp\/v2\/categories?post=1330"},{"taxonomy":"post_tag","embeddable":true,"href":"https:\/\/blogs.laverdad.es\/musicainesperada\/wp-json\/wp\/v2\/tags?post=1330"}],"curies":[{"name":"wp","href":"https:\/\/api.w.org\/{rel}","templated":true}]}}