{"id":1333,"date":"2018-08-10T13:00:06","date_gmt":"2018-08-10T11:00:06","guid":{"rendered":"https:\/\/blogs.laverdad.es\/musicainesperada\/?p=1333"},"modified":"2018-08-10T13:00:06","modified_gmt":"2018-08-10T11:00:06","slug":"un-vecino-singular","status":"publish","type":"post","link":"https:\/\/blogs.laverdad.es\/musicainesperada\/2018\/08\/10\/un-vecino-singular\/","title":{"rendered":"Un vecino singular"},"content":{"rendered":"<p>En verano vivimos m\u00e1s cerca nuestros semejantes. El calor nos invita a abrir ventanas y a descubrir con los sentidos algunos de los secretos al otro lado de la pared. <strong>Ludwig van Beethoven<\/strong> fue vecino y vivi\u00f3 rodeado de ellos. Su car\u00e1cter hura\u00f1o gener\u00f3 recelo entre conciudadanos que ten\u00edan muchas dificultades para llevarse bien con \u00e9l. Paradojicamente, la consideraci\u00f3n de la individualidad humana y la defensa de la libertad como catalizadora del destino, fueron los elementos capitales de la obra del compositor de Bonn. Imaginen, a\u00f1os m\u00e1s tarde, la sorpresa de los vecinos al recibir del m\u00fasico el legado m\u00e1s humanista y profundo que jam\u00e1s podr\u00edan haber imaginado.<\/p>\n<p><strong>Beethoven <\/strong>compuso una \u00fanica \u00f3pera, <strong><em>Fidelio,<\/em><\/strong> una oda a la Libertad y una aut\u00e9ntica llamada a la Humanidad con una alta dosis de moralidad muy intrincada en la vida real. La trama transcurre en una c\u00e1rcel de Sevilla del siglo XVII que el maestro inunda con una m\u00fasica sublime y que refleja de una manera definitiva el contraste existente entre la oscuridad de la prisi\u00f3n y la luminosidad de la justicia. Todo un manifiesto apasionado contra las prisiones de cualquier \u00edndole, bas\u00e1ndose en un hecho real acontecido durante la Revoluci\u00f3n Francesa.<\/p>\n<p>La fuerza moral de la \u00f3pera <strong><em>Fidelio<\/em><\/strong> se ve incrementada por la intensidad con la que Florestan y Leonora viven su amor conyugal, aderezada con una m\u00fasica de gran pureza caracterizada por la emoci\u00f3n, los acentos y el dramatismo a la que <strong>Beethoven<\/strong> dedic\u00f3 doce a\u00f1os de su vida. Leonora es la esposa de un preso pol\u00edtico encarcelado hace m\u00e1s de dos a\u00f1os por el malvado y corrupto Pizarro y que tiene la valent\u00eda de disfrazarse de hombre (Fidelio) para solicitar un trabajo como ayudante del carcelero Rocco y as\u00ed liberar a su marido.<\/p>\n<p>Uno de los momentos m\u00e1s interesantes en <em><strong>Fidelio<\/strong><\/em> con los que el m\u00fasico alem\u00e1n mejor ilumina la l\u00fagubre c\u00e1rcel sevillana es el cuarteto vocal del primer acto <em>\u201cMir ist so wunderbar \u2026 \u201c(\u201cQu\u00e9 sentimiento extra\u00f1o\u2026\u201d)<\/em> en el que Marcelina, la hija del carcelero; Fidelio, Rocco y Jacquino, el portero de la prisi\u00f3n, expresan sus sentimientos m\u00e1s \u00edntimos. En hecho de que las cuatro voces desnuden sus emociones simult\u00e1neamente s\u00f3lo es posible en una \u00f3pera y <strong>Beethoven<\/strong> es un maestro de instantes m\u00e1gicos como apreciar\u00e1n en el video adjunto.<\/p>\n<p>Mientras Marcelina expresa su amor hacia el desconocido Fidelio, \u00e9ste es consciente de ello, pero su preocupaci\u00f3n se centra en el rescate de su amado esposo, empresa con alto riesgo y con escasas esperanzas de llevar a cabo felizmente. Rocco declara su convicci\u00f3n de que Fidelio es la pareja ideal para su hija y, finalmente, Jacquino transmite su desesperaci\u00f3n por la indiferencia de Marcelina.<\/p>\n<p>Este cuarteto es uno de los m\u00e1s c\u00e9lebres de la historia de la m\u00fasica. En \u00e9l las cuatro voces forman un canon con una estructura extraordinaria que facilita la declaraci\u00f3n simult\u00e1nea de sentimientos tan dispares como el amor, la confianza, la ansiedad y la desesperaci\u00f3n. El impacto emocional es terrible para el oyente que maneja la cruda realidad desconocida para los cuatro personajes. En breve Marcelina ver\u00e1 como se rompe su coraz\u00f3n al descubrir que su futuro marido es una mujer; Rocco ver\u00e1 que el futuro de su hija se esfuma; Leonora (Fidelio) teme por la vida de Florestan y se siente angustiada por si llegar\u00e1 a tiempo de salvarle y nadie sabe como va a terminar la historia entre Jacquino y Marcelina.<\/p>\n<p>Les recomiendo que escuchen este fragmento de <em><strong>Fidelio<\/strong><\/em> en el que no necesitan el texto. <strong>Beethoven<\/strong> nos habla de la vida de personas honradas y decentes que tienen proyectos de vida que en entran en conflicto simplemente porque as\u00ed es la existencia humana. A veces los sue\u00f1os no se cumplen y no es porque alguien atente contra ellos.<\/p>\n<p>El arte de <strong>Beethoven<\/strong> nos acerca a la condici\u00f3n humana, a lo que significa sacrificarse por amor y a lo inevitables que son las l\u00e1grimas cuando te tocan el coraz\u00f3n.<\/p>\n<p>\u00a1Ojal\u00e1 que mi vecino del pr\u00f3ximo verano sea tan gru\u00f1\u00f3n como Don Luis!<\/p>\n<p>&nbsp;<\/p>\n<p><iframe loading=\"lazy\" width=\"500\" height=\"375\" src=\"https:\/\/www.youtube.com\/embed\/A9l1wKCv9nE?feature=oembed\" frameborder=\"0\" allow=\"autoplay; encrypted-media\" allowfullscreen><\/iframe><\/p>\n","protected":false},"excerpt":{"rendered":"<p>En verano vivimos m\u00e1s cerca nuestros semejantes. El calor nos invita a abrir ventanas y a descubrir con los sentidos algunos de los secretos al otro lado de la pared. Ludwig van Beethoven fue vecino y vivi\u00f3 rodeado de ellos. Su car\u00e1cter hura\u00f1o gener\u00f3 recelo entre conciudadanos que ten\u00edan muchas dificultades para llevarse bien con [&hellip;]<\/p>\n","protected":false},"author":24,"featured_media":0,"comment_status":"open","ping_status":"open","sticky":false,"template":"","format":"standard","meta":[],"categories":[8,12],"tags":[],"_links":{"self":[{"href":"https:\/\/blogs.laverdad.es\/musicainesperada\/wp-json\/wp\/v2\/posts\/1333"}],"collection":[{"href":"https:\/\/blogs.laverdad.es\/musicainesperada\/wp-json\/wp\/v2\/posts"}],"about":[{"href":"https:\/\/blogs.laverdad.es\/musicainesperada\/wp-json\/wp\/v2\/types\/post"}],"author":[{"embeddable":true,"href":"https:\/\/blogs.laverdad.es\/musicainesperada\/wp-json\/wp\/v2\/users\/24"}],"replies":[{"embeddable":true,"href":"https:\/\/blogs.laverdad.es\/musicainesperada\/wp-json\/wp\/v2\/comments?post=1333"}],"version-history":[{"count":7,"href":"https:\/\/blogs.laverdad.es\/musicainesperada\/wp-json\/wp\/v2\/posts\/1333\/revisions"}],"predecessor-version":[{"id":1340,"href":"https:\/\/blogs.laverdad.es\/musicainesperada\/wp-json\/wp\/v2\/posts\/1333\/revisions\/1340"}],"wp:attachment":[{"href":"https:\/\/blogs.laverdad.es\/musicainesperada\/wp-json\/wp\/v2\/media?parent=1333"}],"wp:term":[{"taxonomy":"category","embeddable":true,"href":"https:\/\/blogs.laverdad.es\/musicainesperada\/wp-json\/wp\/v2\/categories?post=1333"},{"taxonomy":"post_tag","embeddable":true,"href":"https:\/\/blogs.laverdad.es\/musicainesperada\/wp-json\/wp\/v2\/tags?post=1333"}],"curies":[{"name":"wp","href":"https:\/\/api.w.org\/{rel}","templated":true}]}}