{"id":1341,"date":"2018-08-25T09:35:35","date_gmt":"2018-08-25T07:35:35","guid":{"rendered":"https:\/\/blogs.laverdad.es\/musicainesperada\/?p=1341"},"modified":"2018-08-25T09:35:35","modified_gmt":"2018-08-25T07:35:35","slug":"lenny-el-eterno-camaleon","status":"publish","type":"post","link":"https:\/\/blogs.laverdad.es\/musicainesperada\/2018\/08\/25\/lenny-el-eterno-camaleon\/","title":{"rendered":"Lenny, el eterno camale\u00f3n"},"content":{"rendered":"<p>Hoy <em><strong>25 de agosto<\/strong><\/em>, celebramos el centenario del nacimiento de un m\u00fasico excepcional. Pianista, director, compositor, educador y humanista, <strong>Leonard Bernstein<\/strong> (<strong>Lenny<\/strong>, 1918-1990) se caracteriz\u00f3 por vivir la m\u00fasica con tanta intensidad, frescura y ambig\u00fcedad que parece imposible que viniese a este mundo hace tanto tiempo.<\/p>\n<p>Formado en la Universidad de Harvard y posteriormente en el Curtis Institute de Filadelfia, desde un principio se acerc\u00f3 como disc\u00edpulo a los grandes maestros de la direcci\u00f3n orquestal. As\u00ed, cuando a los 25 a\u00f1os recibe la llamada para que sustituya con urgencia a Bruno Walter al frente de la Filarm\u00f3nica de Nueva York, sin ninguna posibilidad de ensayar y s\u00f3lo con unas breves recomendaciones del director enfermo, se presenta sin batuta en escena para iniciar el programa. Los aplausos del final del concierto fueron el preludio de una carrera mete\u00f3rica que lo llevar\u00eda a dirigir a las mejores orquestas del mundo y a hacerse cargo, quince a\u00f1os despu\u00e9s, de la Filarm\u00f3nica de Nueva York como director titular vitalicio.<\/p>\n<p><strong>Lenny<\/strong> se convirti\u00f3 as\u00ed en el director de orquesta estaunidense m\u00e1s joven en alcanzar el \u00e9xito y desde entonces se marc\u00f3 como objetivo el hacer asequible la m\u00fasica cl\u00e1sica a millones de personas, especialmente a los j\u00f3venes. Siguiendo los consejos de <strong>Bruno Walter<\/strong>, a su vez disc\u00edpulo de <strong>Gustav Mahler<\/strong>, lleg\u00f3 a ser un experto director del repertorio sinf\u00f3nico de \u00e9ste \u00faltimo. Adem\u00e1s, compuso 3 sinfon\u00edas, dos obras corales, tres famosos musicales (entre ellos <em><strong>Candide<\/strong><\/em> y <em><strong>West Side Story<\/strong><\/em>), cantatas y ballets, gan\u00f3 16 premios <strong>Gramy<\/strong> y un premio <strong>Tonny<\/strong> a la mejor banda sonora original y destac\u00f3 como profesor y educador en la Universidad Brandies, en el Centro de M\u00fasica Berkshire de Tanglewood y en los famosos <strong><em>\u201cConciertos para j\u00f3venes\u201d<\/em><\/strong>, televisados a todo el mundo.<\/p>\n<p>Desde <strong><em>M\u00fasica Inesperada<\/em><\/strong> queremos rendir homenaje a <strong>Leonard Bernstein<\/strong> en su faceta como director de orquesta. En julio de <strong>1982<\/strong>, en la Davies Symphony Hall de San Francisco, grab\u00f3 en directo al frente de la Orquesta Fil\u00e1rmonica de Los \u00c1ngeles, el <strong><em>Adagio para cuerdas opus 11<\/em><\/strong> de <strong>Samuel Barber<\/strong>. En el video adjunto, apreciar\u00e1n la maestr\u00eda del m\u00fasico ante una partitura aparentemente sencilla que poco a poco aumenta en intensidad emocional para luego devolvernos al silencio. Hasta la fecha, est\u00e1 considerada la versi\u00f3n de referencia del <em><strong>Adagio de Barber<\/strong><\/em>.<\/p>\n<p>\u00a1Gracias por tu m\u00fasica y ense\u00f1anzas, <strong>Lenny<\/strong>!<\/p>\n<p><iframe loading=\"lazy\" width=\"500\" height=\"375\" src=\"https:\/\/www.youtube.com\/embed\/OSc_TBxLWdg?feature=oembed\" frameborder=\"0\" allow=\"autoplay; encrypted-media\" allowfullscreen><\/iframe><\/p>\n","protected":false},"excerpt":{"rendered":"<p>Hoy 25 de agosto, celebramos el centenario del nacimiento de un m\u00fasico excepcional. Pianista, director, compositor, educador y humanista, Leonard Bernstein (Lenny, 1918-1990) se caracteriz\u00f3 por vivir la m\u00fasica con tanta intensidad, frescura y ambig\u00fcedad que parece imposible que viniese a este mundo hace tanto tiempo. Formado en la Universidad de Harvard y posteriormente en [&hellip;]<\/p>\n","protected":false},"author":24,"featured_media":0,"comment_status":"open","ping_status":"open","sticky":false,"template":"","format":"standard","meta":[],"categories":[11],"tags":[],"_links":{"self":[{"href":"https:\/\/blogs.laverdad.es\/musicainesperada\/wp-json\/wp\/v2\/posts\/1341"}],"collection":[{"href":"https:\/\/blogs.laverdad.es\/musicainesperada\/wp-json\/wp\/v2\/posts"}],"about":[{"href":"https:\/\/blogs.laverdad.es\/musicainesperada\/wp-json\/wp\/v2\/types\/post"}],"author":[{"embeddable":true,"href":"https:\/\/blogs.laverdad.es\/musicainesperada\/wp-json\/wp\/v2\/users\/24"}],"replies":[{"embeddable":true,"href":"https:\/\/blogs.laverdad.es\/musicainesperada\/wp-json\/wp\/v2\/comments?post=1341"}],"version-history":[{"count":4,"href":"https:\/\/blogs.laverdad.es\/musicainesperada\/wp-json\/wp\/v2\/posts\/1341\/revisions"}],"predecessor-version":[{"id":1345,"href":"https:\/\/blogs.laverdad.es\/musicainesperada\/wp-json\/wp\/v2\/posts\/1341\/revisions\/1345"}],"wp:attachment":[{"href":"https:\/\/blogs.laverdad.es\/musicainesperada\/wp-json\/wp\/v2\/media?parent=1341"}],"wp:term":[{"taxonomy":"category","embeddable":true,"href":"https:\/\/blogs.laverdad.es\/musicainesperada\/wp-json\/wp\/v2\/categories?post=1341"},{"taxonomy":"post_tag","embeddable":true,"href":"https:\/\/blogs.laverdad.es\/musicainesperada\/wp-json\/wp\/v2\/tags?post=1341"}],"curies":[{"name":"wp","href":"https:\/\/api.w.org\/{rel}","templated":true}]}}