{"id":135,"date":"2013-05-31T20:50:49","date_gmt":"2013-05-31T20:50:49","guid":{"rendered":"http:\/\/blogs.laverdad.es\/musicainesperada\/?p=135"},"modified":"2013-05-31T20:50:49","modified_gmt":"2013-05-31T20:50:49","slug":"la-frescura-de-la-adolescencia","status":"publish","type":"post","link":"https:\/\/blogs.laverdad.es\/musicainesperada\/2013\/05\/31\/la-frescura-de-la-adolescencia\/","title":{"rendered":"La frescura de la adolescencia."},"content":{"rendered":"<p><a href=\"\/musicainesperada\/wp-content\/uploads\/sites\/23\/2013\/05\/sine-tempore-ensemble1.png\"><img loading=\"lazy\" class=\"aligncenter size-full wp-image-138\" title=\"sine tempore ensemble\" src=\"\/musicainesperada\/wp-content\/uploads\/sites\/23\/2013\/05\/sine-tempore-ensemble1.png\" alt=\"\" width=\"741\" height=\"338\" srcset=\"https:\/\/static-blogs.laverdad.es\/wp-content\/uploads\/sites\/23\/2013\/05\/sine-tempore-ensemble1.png 741w, https:\/\/static-blogs.laverdad.es\/wp-content\/uploads\/sites\/23\/2013\/05\/sine-tempore-ensemble1-300x137.png 300w\" sizes=\"(max-width: 741px) 100vw, 741px\" \/><\/a><\/p>\n<p>&nbsp;<\/p>\n<p>Hace semanas les hablaba de <strong>Gioachino Rossini<\/strong> (1792-1868), el gran compositor italiano famoso por \u00f3peras como <strong><em>\u201cEl barbero de Sevilla\u201d, \u201cLa italiana de Argel\u201d, \u201cLa cenicienta\u201d y \u201cGuillermo Tell\u201d,<\/em><\/strong> entre otras.<\/p>\n<p>Mucho\u00a0antes del\u00a0comentado y triste episodio en el que el destino priva a <strong>Rossini<\/strong> de un exquisito manjar de pavo trufado, nos encontramos con un ni\u00f1o de doce a\u00f1os, que, a pesar de\u00a0recibir una formaci\u00f3n musical poco selecta, es capaz de componer una serie de sonatas para cuatro instrumentos.<\/p>\n<p>No deja de sorprender que el joven m\u00fasico de P\u00e9saro s\u00f3lo necesita tres d\u00edas para escribir estas partituras.\u00a0Este adolescente nos anticipa la facilidad y rapidez que mostrar\u00e1 en el futuro para componer \u00f3peras de calidad y llegar\u00a0a estrenar hasta cuatro\u00a0de ellas\u00a0en un mismo a\u00f1o.<\/p>\n<p><strong>Darlyng Dyle<\/strong>, violinista del <strong>Sine Tempore Ensemble<\/strong> y concertino de la <strong>Orquesta Sinf\u00f3nica de la Regi\u00f3n de Murcia<\/strong>, nos habla de las <strong><em>\u201cSei sonate a quattro\u201d<\/em><\/strong> del joven <strong>Rossini<\/strong>: <em>\u201cSon unos deliciosos cuartetos que tienen la peculiaridad de no haber sido escritos para un cuarteto habitual, es decir, para dos violines, viola y violoncelo, sino que la viola es sustituida por un contrabajo\u201d.<\/em><\/p>\n<p><strong>Darlyng<\/strong> comenta que <strong>Rossini<\/strong> no se sent\u00eda muy orgulloso de estas sonatas. En palabras de el compositor: \u201c<em>\u2026seis sonatas horrendas compuestas por m\u00ed en la villa (cerca de R\u00e1vena) de mi amigo y mecenas, Agostino Triossi, cuando yo era un cr\u00edo y todav\u00eda no hab\u00eda recibido ni una clase de acompa\u00f1amiento, totalmente compuestas y copiadas en tres d\u00edas y ejecutadas perrunamente por Triossi en el contrabajo, Morini (su primo) primer viol\u00edn, el hermano de \u00e9ste violonchelo y al segundo viol\u00edn yo mismo, que fui, a decir verdad, el menos perruno.\u201d<\/em><em>\u00a0<\/em><strong><em><\/em><\/strong><\/p>\n<p>En cuanto a estas partituras de juventud, <strong>Dyle<\/strong> opina que \u00a0<em>\u201cestas sonatas de un mismo y cl\u00e1sico formato r\u00e1pido-lento-r\u00e1pido (allegro-andante-allegro) tienen una clara influencia de la m\u00fasica de Haydn y Mozart. Adem\u00e1s, la sonata No.3 en Do mayor, contiene la vocaci\u00f3n oper\u00edstica del joven Rossini y parece que, en cualquier momento, puede surgir el canto de\u00a0F\u00edgaro, Fiordiligi, Leporello o Zerlina\u201d.<\/em><\/p>\n<p>Si tienen curiosidad por estas obras llenas del entusiasmo, gracia, frescura y elegancia del \u201ccisne de P\u00e9saro\u201d, la <strong><em>Asociaci\u00f3n amigos de la m\u00fasica \u201cAgust\u00edn Rubio\u201d<\/em><\/strong> clausura su ciclo de c\u00e1mara con un interesante programa.<\/p>\n<p>Domingo <strong>2 de Junio de 2013<\/strong>, <strong>20 horas<\/strong>. <strong>Auditorio Miguel \u00c1ngel Clares de Algezares<\/strong>. Ciclo de C\u00e1mara. Sine Tempore Ensemble (Darlin Dyle, primer violin; Desislava Cvetkova, segundo viol\u00edn; \u00a0Andrea Rescaglio, contrabajo; \u00a0Gonzalo Meseguer, cello). \u201cUna noche con Rossini\u201d: Sonatas 1,3 y 5. D\u00fao de cello y contrabajo.<\/p>\n<p>&nbsp;<\/p>\n<p>&nbsp;<\/p>\n","protected":false},"excerpt":{"rendered":"<p>&nbsp; Hace semanas les hablaba de Gioachino Rossini (1792-1868), el gran compositor italiano famoso por \u00f3peras como \u201cEl barbero de Sevilla\u201d, \u201cLa italiana de Argel\u201d, \u201cLa cenicienta\u201d y \u201cGuillermo Tell\u201d, entre otras. Mucho\u00a0antes del\u00a0comentado y triste episodio en el que el destino priva a Rossini de un exquisito manjar de pavo trufado, nos encontramos con [&hellip;]<\/p>\n","protected":false},"author":24,"featured_media":0,"comment_status":"open","ping_status":"open","sticky":false,"template":"","format":"standard","meta":[],"categories":[19],"tags":[],"_links":{"self":[{"href":"https:\/\/blogs.laverdad.es\/musicainesperada\/wp-json\/wp\/v2\/posts\/135"}],"collection":[{"href":"https:\/\/blogs.laverdad.es\/musicainesperada\/wp-json\/wp\/v2\/posts"}],"about":[{"href":"https:\/\/blogs.laverdad.es\/musicainesperada\/wp-json\/wp\/v2\/types\/post"}],"author":[{"embeddable":true,"href":"https:\/\/blogs.laverdad.es\/musicainesperada\/wp-json\/wp\/v2\/users\/24"}],"replies":[{"embeddable":true,"href":"https:\/\/blogs.laverdad.es\/musicainesperada\/wp-json\/wp\/v2\/comments?post=135"}],"version-history":[{"count":0,"href":"https:\/\/blogs.laverdad.es\/musicainesperada\/wp-json\/wp\/v2\/posts\/135\/revisions"}],"wp:attachment":[{"href":"https:\/\/blogs.laverdad.es\/musicainesperada\/wp-json\/wp\/v2\/media?parent=135"}],"wp:term":[{"taxonomy":"category","embeddable":true,"href":"https:\/\/blogs.laverdad.es\/musicainesperada\/wp-json\/wp\/v2\/categories?post=135"},{"taxonomy":"post_tag","embeddable":true,"href":"https:\/\/blogs.laverdad.es\/musicainesperada\/wp-json\/wp\/v2\/tags?post=135"}],"curies":[{"name":"wp","href":"https:\/\/api.w.org\/{rel}","templated":true}]}}