{"id":1357,"date":"2018-09-14T01:55:32","date_gmt":"2018-09-13T23:55:32","guid":{"rendered":"https:\/\/blogs.laverdad.es\/musicainesperada\/?p=1357"},"modified":"2018-09-14T01:55:32","modified_gmt":"2018-09-13T23:55:32","slug":"dualidad-femenina","status":"publish","type":"post","link":"https:\/\/blogs.laverdad.es\/musicainesperada\/2018\/09\/14\/dualidad-femenina\/","title":{"rendered":"Dualidad femenina"},"content":{"rendered":"<p>El concierto extraordinario de hoy\u00a0abre la temporada del Auditorio V\u00edctor Villegas que se viste de gala en un programa de arias de \u00f3pera en la que la soprano, pianista, compositora y profesora <strong>Pilar Jurado<\/strong>, acompa\u00f1ada por la <strong>OSRM<\/strong>, nos propondr\u00e1 un viaje especial y espacial a trav\u00e9s de la m\u00fasica y el cine.<\/p>\n<p>En escena escucharemos <strong><em>As\u00ed habl\u00f3 Zaratustra<\/em><\/strong> de <strong>Strauss<\/strong>, el siempre emotivo <strong><em>Lascia ch\u00b4io pianga<\/em><\/strong> de <strong>Handel<\/strong>, la sobrecogedora <em><strong>Casta Diva<\/strong><\/em> de <strong>Bellini<\/strong>, el delicado <em><strong>O mio bambbino caro<\/strong><\/em> de <strong>Puccini<\/strong>, el en\u00e9rgico <em><strong>Ah je veux vivre<\/strong><\/em> de <strong>Gounod<\/strong> y la seductora <strong><em>Habanera<\/em><\/strong> de\u00a0<em><strong>Carmen<\/strong><\/em> de <strong>Bizet,<\/strong> intercaladas entre otras interesantes piezas orquestales.<\/p>\n<p>El concierto finalizar\u00e1 con la cavatina de Rosina <em><strong>Una voce poco fa<\/strong><\/em> de <em><strong>El barbero de Sevilla<\/strong><\/em> de <strong>Rossini<\/strong>. Esta famosa aria del\u00a0cuadro segundo del primer acto de la \u00f3pera fue escrita para mezzo-soprano. Probablemente, pierda parte de su encanto original en la versi\u00f3n que escucharemos de soprano, ya que tal y como la ide\u00f3 <strong>Rossini<\/strong> define de forma magistral la personalidad de su Rosina.<span class=\"Apple-converted-space\">\u00a0<\/span><\/p>\n<p>La cavatina tiene dos partes bien diferenciadas. La primera muestra a una Rosina decidida a casarse con Lindoro y tanto la m\u00fasica como el texto le confieren una gracia caracter\u00edstica f\u00e1cilmente de detectar para\u00a0el oyente.<\/p>\n<p><em>ROSINA<\/em><\/p>\n<p><em>Hace poco una voz en el coraz\u00f3n me reson\u00f3;<\/em><\/p>\n<p><em>mi coraz\u00f3n herido est\u00e1 ya y fue Lindoro quien lo lastim\u00f3.<\/em><\/p>\n<p><em>Si, Lindoro m\u00edo ser\u00e1, lo jur\u00e9 y me saldr\u00e9 con la m\u00eda.<\/em><\/p>\n<p><em>El tutor se negar\u00e1, yo mi ingenio aguzar\u00e9.<\/em><\/p>\n<p><em>Al final se calmar\u00e1 y contenta quedar\u00e9.<\/em><\/p>\n<p><em>Si, Lindoro m\u00edo ser\u00e1, lo he jurado, y me saldr\u00e9 con la m\u00eda.<\/em><\/p>\n<p>Es en la segunda parte cuando Rosina muestra la dualidad de su car\u00e1cter: una muchacha obediente y d\u00f3cil que puede llegar a ser viperina en determinaci\u00f3n e impulso amoroso.<span class=\"Apple-converted-space\">\u00a0<\/span><\/p>\n<p><em>ROSINA<\/em><\/p>\n<p><em>Yo soy d\u00f3cil y respetuosa,<\/em><\/p>\n<p><em>soy obediente, dulce, amorosa,<\/em><\/p>\n<p><em>me dejo gobernar, me dejo guiar.<\/em><\/p>\n<p><em>Pero si me tocan en mi punto flaco<\/em><\/p>\n<p><em>ser\u00e9 una v\u00edbora, lo ser\u00e9,<\/em><\/p>\n<p><em>y de cien trampas me servir\u00e9 antes de ceder.<\/em><\/p>\n<p><em>\u00a1S\u00ed, s\u00ed, me saldr\u00e9 con la m\u00eda!<\/em><\/p>\n<p>La palabra clave sobre la que pivotea la cabaletta es \u201c<em>Ma<\/em>\u201d (\u201c<em>Pero<\/em>\u201d), que marca con claridad el doble perfil psicol\u00f3gico de Rosina.<\/p>\n<p>Espero que disfruten de este fragmento\u00a0de <em><strong>El barbero de Sevilla\u00a0<\/strong><\/em>que les adjunto, la primera \u00f3pera italiana que se escuch\u00f3 en Nueva York, Buenos Aires y La Habana. Ojal\u00e1 se animen a escuchar la obra completa ya que disfrutar\u00e1n de una comedia llena de picard\u00eda y enredos, en la que lo m\u00e1s importante sin ninguna duda son los personajes.<\/p>\n<p>Y tambi\u00e9n aprovecho la ocasi\u00f3n para animarlos a descubrir y compartir la m\u00fasica de la <strong>OSRM<\/strong>, cuyos m\u00fasicos son fant\u00e1sticos.<\/p>\n<p>&nbsp;<\/p>\n<p><strong><em>Viernes 14 de septiembre, 20 h. Auditorio V\u00edctor Villegas. Concierto Extraordinario de Apertura de Temporada. Arias en el cine. Orquesta Sinf\u00f3nica de la Regi\u00f3n de Murcia. Pilar Jurado (soprano). Virginia Mart\u00ednez (direcci\u00f3n musical). Entrada 10 euros. Gratuita para abonados de los ciclos del auditorio.<\/em><\/strong><\/p>\n<p><iframe loading=\"lazy\" width=\"500\" height=\"375\" src=\"https:\/\/www.youtube.com\/embed\/RvW9cUCuPQI?feature=oembed\" frameborder=\"0\" allow=\"autoplay; encrypted-media\" allowfullscreen><\/iframe><\/p>\n","protected":false},"excerpt":{"rendered":"<p>El concierto extraordinario de hoy\u00a0abre la temporada del Auditorio V\u00edctor Villegas que se viste de gala en un programa de arias de \u00f3pera en la que la soprano, pianista, compositora y profesora Pilar Jurado, acompa\u00f1ada por la OSRM, nos propondr\u00e1 un viaje especial y espacial a trav\u00e9s de la m\u00fasica y el cine. En escena [&hellip;]<\/p>\n","protected":false},"author":24,"featured_media":0,"comment_status":"open","ping_status":"open","sticky":false,"template":"","format":"standard","meta":[],"categories":[19],"tags":[],"_links":{"self":[{"href":"https:\/\/blogs.laverdad.es\/musicainesperada\/wp-json\/wp\/v2\/posts\/1357"}],"collection":[{"href":"https:\/\/blogs.laverdad.es\/musicainesperada\/wp-json\/wp\/v2\/posts"}],"about":[{"href":"https:\/\/blogs.laverdad.es\/musicainesperada\/wp-json\/wp\/v2\/types\/post"}],"author":[{"embeddable":true,"href":"https:\/\/blogs.laverdad.es\/musicainesperada\/wp-json\/wp\/v2\/users\/24"}],"replies":[{"embeddable":true,"href":"https:\/\/blogs.laverdad.es\/musicainesperada\/wp-json\/wp\/v2\/comments?post=1357"}],"version-history":[{"count":2,"href":"https:\/\/blogs.laverdad.es\/musicainesperada\/wp-json\/wp\/v2\/posts\/1357\/revisions"}],"predecessor-version":[{"id":1359,"href":"https:\/\/blogs.laverdad.es\/musicainesperada\/wp-json\/wp\/v2\/posts\/1357\/revisions\/1359"}],"wp:attachment":[{"href":"https:\/\/blogs.laverdad.es\/musicainesperada\/wp-json\/wp\/v2\/media?parent=1357"}],"wp:term":[{"taxonomy":"category","embeddable":true,"href":"https:\/\/blogs.laverdad.es\/musicainesperada\/wp-json\/wp\/v2\/categories?post=1357"},{"taxonomy":"post_tag","embeddable":true,"href":"https:\/\/blogs.laverdad.es\/musicainesperada\/wp-json\/wp\/v2\/tags?post=1357"}],"curies":[{"name":"wp","href":"https:\/\/api.w.org\/{rel}","templated":true}]}}