{"id":1360,"date":"2018-09-19T21:55:51","date_gmt":"2018-09-19T19:55:51","guid":{"rendered":"https:\/\/blogs.laverdad.es\/musicainesperada\/?p=1360"},"modified":"2018-09-19T21:55:51","modified_gmt":"2018-09-19T19:55:51","slug":"el-dolor-del-olvido","status":"publish","type":"post","link":"https:\/\/blogs.laverdad.es\/musicainesperada\/2018\/09\/19\/el-dolor-del-olvido\/","title":{"rendered":"El dolor del olvido"},"content":{"rendered":"<p>Los circuitos neuronales del olvido son fundamentales para llevar una existencia feliz. Qu\u00e9 ser\u00eda de nosotros si no pudi\u00e9semos desterrar de la memoria los proyectos e ilusiones del pasado que jam\u00e1s llegamos a cumplir. En esto los verdaderos maestros son los ni\u00f1os, ya que son capaces de olvidar la disputa m\u00e1s aguerrida para, pasados unos minutos, volver a jugar juntos sin ning\u00fan tipo de resentimiento.<\/p>\n<p>La otra cara del olvido es la angustia que nos produce la indiferencia las personas que consideramos importantes en nuestra vida. El efecto derivado de que se olviden de nosotros genera un dolor tremendo y es uno de los temas m\u00e1s tratados en la historia de la m\u00fasica.<\/p>\n<p>Uno de los compositores que mejor vivi\u00f3 desde dentro las emociones del olvido fue <strong>Astor Piazzolla<\/strong>, compositor del tango <strong><em>Oblivion<\/em><\/strong> que escucharemos el viernes en el Auditorio V\u00edctor Villegas con la sobredosis de nostalgia\u00a0que genera\u00a0la triste melod\u00eda inicial sobre el ritmo del\u00a0genial acompa\u00f1amiento de piano o de orquesta, seg\u00fan la versi\u00f3n de que se trate. Es especialmente emotiva la parte central de la pieza cuya belleza siempre\u00a0conmueve al auditorio.<\/p>\n<p><em><strong>Oblivion<\/strong><\/em> se hizo muy popular gracias a la banda sonora de la pel\u00edcula <em><strong>Enrique IV<\/strong><\/em>. La atm\u00f3sfera con las que no envuelve <strong>Piazzolla<\/strong> es tan sobrecogedora que\u00a0muchos m\u00fasicos\u00a0solistas\u00a0no se han resistido\u00a0a interpretar la pieza y de ah\u00ed que existan tantas versiones para distintas combinaciones de instrumentos.<\/p>\n<p>Como las emociones que produce la audici\u00f3n\u00a0de <em><strong>Oblivion<\/strong><\/em> no pueden expresarse con palabras, les adjunto un v\u00eddeo para que disfruten de la melod\u00eda y armon\u00eda que ide\u00f3 el compositor argentino.<\/p>\n<p>El tango es la voz del alma de Argentina y <strong>Piazzolla<\/strong> expresa con pasi\u00f3n ese sentimiento. Les\u00a0recomiendo que disfruten de la versi\u00f3n en vivo de <em><strong>Oblivion<\/strong><\/em> de la <em><strong>OSRM<\/strong><\/em> dirigida por <strong>Hern\u00e1ndez Silva<\/strong>. Seguro que gracias al olvido, pasan un momento muy feliz.<\/p>\n<p>&nbsp;<\/p>\n<p><strong><em>Viernes 21 de septiembre, 20 horas. Obras de Neruda, Flores, Revueltas, Piazzolla y Ginasterra. Orquesta Sinf\u00f3nica Regi\u00f3n de Murcia. Pacho Flores (trompeta). Leo Rond\u00f3 (cuatro). Manuel Hern\u00e1ndez Silva (Direcci\u00f3n). Entradas: entre 8 y 13 euros.<\/em><\/strong><\/p>\n<p>&nbsp;<\/p>\n<p><iframe loading=\"lazy\" width=\"500\" height=\"375\" src=\"https:\/\/www.youtube.com\/embed\/dF-IMQzd_Jo?feature=oembed\" frameborder=\"0\" allow=\"autoplay; encrypted-media\" allowfullscreen><\/iframe><\/p>\n","protected":false},"excerpt":{"rendered":"<p>Los circuitos neuronales del olvido son fundamentales para llevar una existencia feliz. Qu\u00e9 ser\u00eda de nosotros si no pudi\u00e9semos desterrar de la memoria los proyectos e ilusiones del pasado que jam\u00e1s llegamos a cumplir. En esto los verdaderos maestros son los ni\u00f1os, ya que son capaces de olvidar la disputa m\u00e1s aguerrida para, pasados unos [&hellip;]<\/p>\n","protected":false},"author":24,"featured_media":0,"comment_status":"open","ping_status":"open","sticky":false,"template":"","format":"standard","meta":[],"categories":[19],"tags":[],"_links":{"self":[{"href":"https:\/\/blogs.laverdad.es\/musicainesperada\/wp-json\/wp\/v2\/posts\/1360"}],"collection":[{"href":"https:\/\/blogs.laverdad.es\/musicainesperada\/wp-json\/wp\/v2\/posts"}],"about":[{"href":"https:\/\/blogs.laverdad.es\/musicainesperada\/wp-json\/wp\/v2\/types\/post"}],"author":[{"embeddable":true,"href":"https:\/\/blogs.laverdad.es\/musicainesperada\/wp-json\/wp\/v2\/users\/24"}],"replies":[{"embeddable":true,"href":"https:\/\/blogs.laverdad.es\/musicainesperada\/wp-json\/wp\/v2\/comments?post=1360"}],"version-history":[{"count":2,"href":"https:\/\/blogs.laverdad.es\/musicainesperada\/wp-json\/wp\/v2\/posts\/1360\/revisions"}],"predecessor-version":[{"id":1362,"href":"https:\/\/blogs.laverdad.es\/musicainesperada\/wp-json\/wp\/v2\/posts\/1360\/revisions\/1362"}],"wp:attachment":[{"href":"https:\/\/blogs.laverdad.es\/musicainesperada\/wp-json\/wp\/v2\/media?parent=1360"}],"wp:term":[{"taxonomy":"category","embeddable":true,"href":"https:\/\/blogs.laverdad.es\/musicainesperada\/wp-json\/wp\/v2\/categories?post=1360"},{"taxonomy":"post_tag","embeddable":true,"href":"https:\/\/blogs.laverdad.es\/musicainesperada\/wp-json\/wp\/v2\/tags?post=1360"}],"curies":[{"name":"wp","href":"https:\/\/api.w.org\/{rel}","templated":true}]}}