{"id":140,"date":"2013-06-09T22:06:12","date_gmt":"2013-06-09T22:06:12","guid":{"rendered":"http:\/\/blogs.laverdad.es\/musicainesperada\/?p=140"},"modified":"2013-06-09T22:06:12","modified_gmt":"2013-06-09T22:06:12","slug":"celos-in-crescendo","status":"publish","type":"post","link":"https:\/\/blogs.laverdad.es\/musicainesperada\/2013\/06\/09\/celos-in-crescendo\/","title":{"rendered":"Celos &#8220;in crescendo&#8221;."},"content":{"rendered":"<p><a href=\"\/musicainesperada\/wp-content\/uploads\/sites\/23\/2013\/06\/otello.jpg\"><img loading=\"lazy\" class=\"aligncenter size-full wp-image-141\" title=\"otello\" src=\"\/musicainesperada\/wp-content\/uploads\/sites\/23\/2013\/06\/otello.jpg\" alt=\"\" width=\"462\" height=\"286\" srcset=\"https:\/\/static-blogs.laverdad.es\/wp-content\/uploads\/sites\/23\/2013\/06\/otello.jpg 462w, https:\/\/static-blogs.laverdad.es\/wp-content\/uploads\/sites\/23\/2013\/06\/otello-300x186.jpg 300w\" sizes=\"(max-width: 462px) 100vw, 462px\" \/><\/a><\/p>\n<p>&nbsp;<\/p>\n<p>Hay\u00a0pocas cosas\u00a0peores que perder la paz interior por sentir celos. En la historia de la \u00f3pera, el paradigma del\u00a0martirio\u00a0que sufre un celoso\u00a0es <strong><em>&#8220;Otello&#8221;<\/em><\/strong>, una magn\u00edfica obra fruto de la combinaci\u00f3n del talento de un escritor como <strong>Shakespeare<\/strong>, un libretista como <strong>Boito<\/strong> y un compositor como <strong>Verdi.<\/strong><\/p>\n<p>Esta \u00f3pera no est\u00e1 tan grabada en disco ni tan representada en los teatros de \u00f3pera como ocurre con\u00a0<strong><em>&#8220;La Traviata&#8221;, &#8220;Il trovatore&#8221; o &#8220;Aida&#8221;,<\/em><\/strong> entre otras. Uno de los\u00a0motivos es la enorme dificultad t\u00e9cnica que supone representar el papel de Otello. Durante este mes, a poco m\u00e1s de 200 km de nuestra ciudad,\u00a0es possible escuchar la voz\u00a0de un fant\u00e1stico\u00a0y muy cre\u00edble Otello tanto en lo vocal como en lo interpretative, la del tenor norteamericano<strong> Gregory Kunde.<\/strong><\/p>\n<p>Otello es el gobernador de Chipre,\u00a0un hombre inteligente, valiente, sabio, justo y felizmente enamorado. Un evidioso s\u00fabdito, llamado Yago, se gana su confianza y le inculca dudas sobre la fidelidad de su esposa. Desde ese\u00a0instante, un sentimiento de celos lo va invade a modo de una &#8220;hidra oscura y rencorosa&#8221;. El personaje se transforma y\u00a0pierde parte del lirismo del primer momento\u00a0 amoroso. Otello se convierte en un hombre inseguro, lleno de complejos, abatido, d\u00e9bil, enfermo\u00a0y, finalmente, desesperado, por el asesinato\u00a0de su fiel enamorada, Desdemona.<\/p>\n<p>Dice <strong>Eugenio Tr\u00edas<\/strong> en su libro <strong><em>&#8220;La imaginaci\u00f3n sonora&#8221;<\/em><\/strong> que el espectador asiste costernado, desarmado y literalmente espantado a esa trituraci\u00f3n de la inocencia, de la justicia y del bien,\u00a0 sin que nadie acuda de forma heroica a remediarlo. En este sentido,\u00a0esta \u00f3pera\u00a0es como\u00a0una pel\u00edcula de<strong> Alfred Hitchcock<\/strong>, donde sabemos lo que le va a ocurrir al personaje pero el director nos angustia\u00a0al no permitirnos hacer nada para evitarlo.<\/p>\n<p>El tenor <strong>Gregory Kunde<\/strong>\u00a0nos demuestra en el Otello de Valencia\u00a0que los\u00a0celos son terribles. Como decimos en Murcia, que por nadie pase.<\/p>\n<p>&nbsp;<\/p>\n<p><em><strong>Otello<\/strong> de Giussepe Verdi. <strong>Palau de les Arts Reina Sof\u00eda<\/strong>. Orquesta de la Comunidad Valenciana. Director: Zubin Mehta. Representaciones: <strong>1, 5, 11 y 15 de junio de 2013<\/strong>. Info: <a href=\"http:\/\/www.lesarts.com\">www.lesarts.com<\/a> y tel\u00e9fono 902 202 383.<\/em><\/p>\n","protected":false},"excerpt":{"rendered":"<p>&nbsp; Hay\u00a0pocas cosas\u00a0peores que perder la paz interior por sentir celos. En la historia de la \u00f3pera, el paradigma del\u00a0martirio\u00a0que sufre un celoso\u00a0es &#8220;Otello&#8221;, una magn\u00edfica obra fruto de la combinaci\u00f3n del talento de un escritor como Shakespeare, un libretista como Boito y un compositor como Verdi. Esta \u00f3pera no est\u00e1 tan grabada en disco [&hellip;]<\/p>\n","protected":false},"author":24,"featured_media":0,"comment_status":"open","ping_status":"open","sticky":false,"template":"","format":"standard","meta":[],"categories":[2],"tags":[],"_links":{"self":[{"href":"https:\/\/blogs.laverdad.es\/musicainesperada\/wp-json\/wp\/v2\/posts\/140"}],"collection":[{"href":"https:\/\/blogs.laverdad.es\/musicainesperada\/wp-json\/wp\/v2\/posts"}],"about":[{"href":"https:\/\/blogs.laverdad.es\/musicainesperada\/wp-json\/wp\/v2\/types\/post"}],"author":[{"embeddable":true,"href":"https:\/\/blogs.laverdad.es\/musicainesperada\/wp-json\/wp\/v2\/users\/24"}],"replies":[{"embeddable":true,"href":"https:\/\/blogs.laverdad.es\/musicainesperada\/wp-json\/wp\/v2\/comments?post=140"}],"version-history":[{"count":0,"href":"https:\/\/blogs.laverdad.es\/musicainesperada\/wp-json\/wp\/v2\/posts\/140\/revisions"}],"wp:attachment":[{"href":"https:\/\/blogs.laverdad.es\/musicainesperada\/wp-json\/wp\/v2\/media?parent=140"}],"wp:term":[{"taxonomy":"category","embeddable":true,"href":"https:\/\/blogs.laverdad.es\/musicainesperada\/wp-json\/wp\/v2\/categories?post=140"},{"taxonomy":"post_tag","embeddable":true,"href":"https:\/\/blogs.laverdad.es\/musicainesperada\/wp-json\/wp\/v2\/tags?post=140"}],"curies":[{"name":"wp","href":"https:\/\/api.w.org\/{rel}","templated":true}]}}