{"id":142,"date":"2013-06-13T18:17:53","date_gmt":"2013-06-13T18:17:53","guid":{"rendered":"http:\/\/blogs.laverdad.es\/musicainesperada\/?p=142"},"modified":"2013-06-13T18:17:53","modified_gmt":"2013-06-13T18:17:53","slug":"un-fatidico-ultimo-cigarrillo","status":"publish","type":"post","link":"https:\/\/blogs.laverdad.es\/musicainesperada\/2013\/06\/13\/un-fatidico-ultimo-cigarrillo\/","title":{"rendered":"Un fat\u00eddico \u00faltimo cigarrillo."},"content":{"rendered":"<p><a href=\"\/musicainesperada\/wp-content\/uploads\/sites\/23\/2013\/06\/Mittersill.jpg\"><img loading=\"lazy\" class=\"aligncenter size-full wp-image-144\" title=\"Mittersill\" src=\"\/musicainesperada\/wp-content\/uploads\/sites\/23\/2013\/06\/Mittersill.jpg\" alt=\"\" width=\"982\" height=\"450\" srcset=\"https:\/\/static-blogs.laverdad.es\/wp-content\/uploads\/sites\/23\/2013\/06\/Mittersill.jpg 982w, https:\/\/static-blogs.laverdad.es\/wp-content\/uploads\/sites\/23\/2013\/06\/Mittersill-300x137.jpg 300w, https:\/\/static-blogs.laverdad.es\/wp-content\/uploads\/sites\/23\/2013\/06\/Mittersill-768x352.jpg 768w\" sizes=\"(max-width: 982px) 100vw, 982px\" \/><\/a><\/p>\n<p>&nbsp;<\/p>\n<p>Se dice con suma facilidad y en sentido figurado lo de \u201cespera a que me fume el \u00faltimo pitillo\u201d.<\/p>\n<p>La historia que hoy les traigo es la del m\u00fasico austr\u00edaco <strong>Anton Webern<\/strong> (1883-1945), autor de un legado musical tan condensado y reducido como interesante y de gran calidad.<\/p>\n<p><strong>Anton Webern,<\/strong> al igual que el compositor <strong>Alban Berg<\/strong>, es disc\u00edpulo de <strong>Arnold Sch\u00f6nberg<\/strong> y juntos forman la triada de m\u00fasicos conocida como la<strong><em> segunda escuela de Viena<\/em><\/strong>. De la <em><strong>primera escuela de Viena<\/strong><\/em> ya hemos hablado en otros blogs y abarca nada menos que a los maestros<strong> Haydn, Mozart, Beethoven y Schubert.<\/strong><\/p>\n<p><strong>Webern<\/strong>, casi al finalizar la II Guerra Mundial, deja Viena y se muda a Mittersill (cerca de Salzburgo) donde vive su hija en un entorno m\u00e1s seguro. El 15 de septiembre de 1945, durante la ocupaci\u00f3n de Austria por parte de los Aliados, la familia Mattel-Webern recibe una visita inesperada.<strong> Benno<\/strong>, el yerno de Anton, se dedica al contrabando de mercanc\u00edas y unos soldados americanos fingen vender v\u00edveres para atraparlo en ese preciso instante.<\/p>\n<p>Minutos antes, <strong>Anton<\/strong> recibe de su yerno un preciado regalo. Lleva sin fumar meses y ahora tiene entre sus manos un buen cigarro. <strong>Wilhelmine<\/strong>, su esposa, le dice que \u00a0lo disfrute fuera de la casa para no molestar a sus nietos.<\/p>\n<div id=\"attachment_145\" style=\"width: 311px\" class=\"wp-caption alignright\"><a href=\"\/musicainesperada\/wp-content\/uploads\/sites\/23\/2013\/06\/Webern-Anton1.jpg\"><img aria-describedby=\"caption-attachment-145\" loading=\"lazy\" class=\"size-full wp-image-145\" title=\"Webern Anton\" src=\"\/musicainesperada\/wp-content\/uploads\/sites\/23\/2013\/06\/Webern-Anton1.jpg\" alt=\"\" width=\"301\" height=\"250\" srcset=\"https:\/\/static-blogs.laverdad.es\/wp-content\/uploads\/sites\/23\/2013\/06\/Webern-Anton1.jpg 301w, https:\/\/static-blogs.laverdad.es\/wp-content\/uploads\/sites\/23\/2013\/06\/Webern-Anton1-300x249.jpg 300w\" sizes=\"(max-width: 301px) 100vw, 301px\" \/><\/a><p id=\"caption-attachment-145\" class=\"wp-caption-text\">Anton Webern<\/p><\/div>\n<p>Un soldado cocinero de la armada americana conocido por su dif\u00edcil car\u00e1cter, lo encuentra en la oscuridad de la noche una vez establecido el toque de queda. Se crea una situaci\u00f3n de tensi\u00f3n e incertidumbre y el soldado dispara a<strong> Webern<\/strong> hasta tres veces y el m\u00fasico fallece apenas ha entrado por la puerta. Sus \u00faltimas palabras a su esposa son: <em>\u201cSe acab\u00f3\u201d.<\/em><\/p>\n<p>En las primeras declaraciones, el cocinero de la armada <strong>Raymond Bell <\/strong>argumenta que\u00a0se ha defendido al ser atacado en la oscuridad. Diez a\u00f1os m\u00e1s tarde,<strong> Bell<\/strong> fallece por alcoholismo agudo atribuido a la sensaci\u00f3n de culpabilidad tras el incidente en los Alpes austr\u00edacos.<\/p>\n<p>&nbsp;<\/p>\n","protected":false},"excerpt":{"rendered":"<p>&nbsp; Se dice con suma facilidad y en sentido figurado lo de \u201cespera a que me fume el \u00faltimo pitillo\u201d. La historia que hoy les traigo es la del m\u00fasico austr\u00edaco Anton Webern (1883-1945), autor de un legado musical tan condensado y reducido como interesante y de gran calidad. Anton Webern, al igual que el [&hellip;]<\/p>\n","protected":false},"author":24,"featured_media":0,"comment_status":"open","ping_status":"open","sticky":false,"template":"","format":"standard","meta":[],"categories":[7],"tags":[],"_links":{"self":[{"href":"https:\/\/blogs.laverdad.es\/musicainesperada\/wp-json\/wp\/v2\/posts\/142"}],"collection":[{"href":"https:\/\/blogs.laverdad.es\/musicainesperada\/wp-json\/wp\/v2\/posts"}],"about":[{"href":"https:\/\/blogs.laverdad.es\/musicainesperada\/wp-json\/wp\/v2\/types\/post"}],"author":[{"embeddable":true,"href":"https:\/\/blogs.laverdad.es\/musicainesperada\/wp-json\/wp\/v2\/users\/24"}],"replies":[{"embeddable":true,"href":"https:\/\/blogs.laverdad.es\/musicainesperada\/wp-json\/wp\/v2\/comments?post=142"}],"version-history":[{"count":0,"href":"https:\/\/blogs.laverdad.es\/musicainesperada\/wp-json\/wp\/v2\/posts\/142\/revisions"}],"wp:attachment":[{"href":"https:\/\/blogs.laverdad.es\/musicainesperada\/wp-json\/wp\/v2\/media?parent=142"}],"wp:term":[{"taxonomy":"category","embeddable":true,"href":"https:\/\/blogs.laverdad.es\/musicainesperada\/wp-json\/wp\/v2\/categories?post=142"},{"taxonomy":"post_tag","embeddable":true,"href":"https:\/\/blogs.laverdad.es\/musicainesperada\/wp-json\/wp\/v2\/tags?post=142"}],"curies":[{"name":"wp","href":"https:\/\/api.w.org\/{rel}","templated":true}]}}