{"id":147,"date":"2013-06-16T23:39:17","date_gmt":"2013-06-16T23:39:17","guid":{"rendered":"http:\/\/blogs.laverdad.es\/musicainesperada\/?p=147"},"modified":"2013-06-16T23:39:17","modified_gmt":"2013-06-16T23:39:17","slug":"bacalao-salado-y-gaviotas","status":"publish","type":"post","link":"https:\/\/blogs.laverdad.es\/musicainesperada\/2013\/06\/16\/bacalao-salado-y-gaviotas\/","title":{"rendered":"Bacalao salado y gaviotas."},"content":{"rendered":"<p><a href=\"\/musicainesperada\/wp-content\/uploads\/sites\/23\/2013\/06\/foto-gruta-finfal.jpg\"><img loading=\"lazy\" class=\"aligncenter size-full wp-image-148\" title=\"foto gruta finfal\" src=\"\/musicainesperada\/wp-content\/uploads\/sites\/23\/2013\/06\/foto-gruta-finfal.jpg\" alt=\"\" width=\"640\" height=\"425\" srcset=\"https:\/\/static-blogs.laverdad.es\/wp-content\/uploads\/sites\/23\/2013\/06\/foto-gruta-finfal.jpg 640w, https:\/\/static-blogs.laverdad.es\/wp-content\/uploads\/sites\/23\/2013\/06\/foto-gruta-finfal-300x199.jpg 300w\" sizes=\"(max-width: 640px) 100vw, 640px\" \/><\/a><\/p>\n<p>&nbsp;<\/p>\n<p>Las experiencias impactantes vividas en la juventud perduran durante toda la vida. Las impresiones de un artista son una fuente inagotable de inspiraci\u00f3n y creatividad y los m\u00fasicos no son una excepci\u00f3n.<\/p>\n<p>Un joven m\u00fasico alem\u00e1n disfruta sus vacaciones en Escocia. Se llama <strong>F\u00e9lix Mendelssohn<\/strong> y una tarde de agosto llega en un vapor al puerto pesquero de Tobermory, en la isla de Mull. Lo acompa\u00f1a su amigo <strong>Karl Klingemann.<\/strong><\/p>\n<p><span style=\"font-size: 13px;\">El compositor hamburgu\u00e9s (1809-1847) a sus 20 a\u00f1os se marea con facilidad pero realiza una excursi\u00f3n en barco a la isla \u00a0de Staffa donde visita la famosa gruta bas\u00e1ltica de Fingal. El contraste con el mar gris llama la atenci\u00f3n de <strong>Karl:<\/strong> <em>\u201cJam\u00e1s un fragor m\u00e1s verde de olas entr\u00f3 en esta extra\u00f1a caverna\u201d.<\/em><\/span><\/p>\n<p><span style=\"font-size: 13px;\">El mareo de <strong>F\u00e9lix<\/strong> no pasa desapercibido a su amigo, que dice: <em>\u201cse llevaba mejor con el mar como compositor que como individuo o como est\u00f3mago\u201d<\/em>. Pero <strong>Mendelssohn<\/strong>\u00a0se rinde a tanta belleza y esboza los primeros 21 compases de la partitura con algunas indicaciones de la orquestaci\u00f3n. Escribe en una carta a sus padres: <em>\u201cNo puedo comunicaros nada mejor que la m\u00fasica adjunta\u201d.<\/em><\/span><\/p>\n<p><span style=\"font-size: 13px;\">Tras el viaje a Escocia, el m\u00fasico habla de esta obertura en varias ocasiones y tras interpretar una primera versi\u00f3n al piano en presencia de <strong>Berlioz<\/strong>, la modifica porque considera que<em> \u201cla parte central, marcada forte, es bastante rid\u00edcula y el desarrollo huele m\u00e1s a contrapunto que a aceite de tren, gaviotas y bacalao salado, cuando deber\u00eda ser justo al rev\u00e9s\u201d.<\/em><\/span><\/p>\n<p><span style=\"font-size: 13px;\">La versi\u00f3n definitiva de la obertura <strong><em>Las H\u00e9bridas (La gruta de Fingal) Op. 26<\/em><\/strong> se estrena el 14 de mayo de 1832 en la Philarmonic Society de Londres con divisi\u00f3n de opiniones. El color impresionista de la obra hace que algunos no advierten su car\u00e1cter descriptivo. Otra parte del p\u00fablico es m\u00e1s receptiva \u00a0y consigue escuchar sonidos del viento y olas, e incluso aprecian soledad y melancol\u00eda en la composici\u00f3n.<\/span><\/p>\n<p><span style=\"font-size: 13px;\">Esta obertura no es el preludio de una obra esc\u00e9nica como ocurre en <strong><em>\u201cEl sue\u00f1o de una noche de verano\u201d<\/em><\/strong>, sino que tiene una existencia independiente. <strong>Camilla Bellaigue,<\/strong> en su monograf\u00eda sobre <strong>Mendelssohn<\/strong>, considera que m\u00e1s bien es una sinfon\u00eda comprimida. El oyente aprecia con facilidad un primer tema de pocas notas que forman un bello arpegio descendente que al repetirse, recuerda la suave ca\u00edda de las hojas. El segundo tema es de tonalidad m\u00e1s grave y tiene una l\u00ednea mel\u00f3dica ascendente. Adem\u00e1s, el compositor nos regala bellos pasajes en las cuerdas, llamadas de las trompetas, una tempestad sonora en fort\u00edsimo y una conclusi\u00f3n serena y reposada en la l\u00ednea del primer tema.<\/span><\/p>\n<p><span style=\"font-size: 13px;\">Resumiendo, una m\u00fasica muy evocadora donde <strong>Mendelssohn<\/strong> muestra un excelente manejo del timbre orquestal.<\/span><\/p>\n<p>Desde estas l\u00edneas les invito a escuchar <em><strong>&#8220;Las H\u00e9bridas&#8221;<\/strong><\/em> en directo y les cito en la mism\u00edsima gruta del Fingal para disfrutar con las im\u00e1genes, sonidos y aromas que contiene la obra.<\/p>\n<p><span style=\"font-size: 13px;\">El programa se completa nada menos que con\u00a0<em><strong>\u201cEl sue\u00f1o de una noche de verano\u201d<\/strong><\/em> del mismo compositor y las <em><strong>\u201cNoches de est\u00edo\u201d<\/strong><\/em> de <strong>Berlioz. <\/strong><\/span><\/p>\n<p><span style=\"font-size: 13px;\">El broche de oro a una temporada inolvidable.\u00a0<\/span><\/p>\n<p><em>Martes <strong>18<\/strong> <strong>de junio, 20 horas<\/strong>. Auditorio V\u00edctor Villegas. Obras de Mendelssohn y Berlioz. Orquesta Sinf\u00f3nica de la Regi\u00f3n de Murcia. Direcci\u00f3n: Virginia Mart\u00ednez.<\/em><\/p>\n<p>&nbsp;<\/p>\n","protected":false},"excerpt":{"rendered":"<p>&nbsp; Las experiencias impactantes vividas en la juventud perduran durante toda la vida. Las impresiones de un artista son una fuente inagotable de inspiraci\u00f3n y creatividad y los m\u00fasicos no son una excepci\u00f3n. Un joven m\u00fasico alem\u00e1n disfruta sus vacaciones en Escocia. Se llama F\u00e9lix Mendelssohn y una tarde de agosto llega en un vapor [&hellip;]<\/p>\n","protected":false},"author":24,"featured_media":0,"comment_status":"open","ping_status":"open","sticky":false,"template":"","format":"standard","meta":[],"categories":[19],"tags":[],"_links":{"self":[{"href":"https:\/\/blogs.laverdad.es\/musicainesperada\/wp-json\/wp\/v2\/posts\/147"}],"collection":[{"href":"https:\/\/blogs.laverdad.es\/musicainesperada\/wp-json\/wp\/v2\/posts"}],"about":[{"href":"https:\/\/blogs.laverdad.es\/musicainesperada\/wp-json\/wp\/v2\/types\/post"}],"author":[{"embeddable":true,"href":"https:\/\/blogs.laverdad.es\/musicainesperada\/wp-json\/wp\/v2\/users\/24"}],"replies":[{"embeddable":true,"href":"https:\/\/blogs.laverdad.es\/musicainesperada\/wp-json\/wp\/v2\/comments?post=147"}],"version-history":[{"count":0,"href":"https:\/\/blogs.laverdad.es\/musicainesperada\/wp-json\/wp\/v2\/posts\/147\/revisions"}],"wp:attachment":[{"href":"https:\/\/blogs.laverdad.es\/musicainesperada\/wp-json\/wp\/v2\/media?parent=147"}],"wp:term":[{"taxonomy":"category","embeddable":true,"href":"https:\/\/blogs.laverdad.es\/musicainesperada\/wp-json\/wp\/v2\/categories?post=147"},{"taxonomy":"post_tag","embeddable":true,"href":"https:\/\/blogs.laverdad.es\/musicainesperada\/wp-json\/wp\/v2\/tags?post=147"}],"curies":[{"name":"wp","href":"https:\/\/api.w.org\/{rel}","templated":true}]}}