{"id":149,"date":"2013-06-19T19:52:41","date_gmt":"2013-06-19T19:52:41","guid":{"rendered":"http:\/\/blogs.laverdad.es\/musicainesperada\/?p=149"},"modified":"2013-06-19T19:52:41","modified_gmt":"2013-06-19T19:52:41","slug":"dulces-melodias-populares","status":"publish","type":"post","link":"https:\/\/blogs.laverdad.es\/musicainesperada\/2013\/06\/19\/dulces-melodias-populares\/","title":{"rendered":"Dulces melod\u00edas populares."},"content":{"rendered":"<p><a href=\"\/musicainesperada\/wp-content\/uploads\/sites\/23\/2013\/06\/Foto-del-duo1.jpg\"><img loading=\"lazy\" class=\"aligncenter size-full wp-image-151\" title=\"Foto del duo\" src=\"\/musicainesperada\/wp-content\/uploads\/sites\/23\/2013\/06\/Foto-del-duo1.jpg\" alt=\"\" width=\"333\" height=\"498\" srcset=\"https:\/\/static-blogs.laverdad.es\/wp-content\/uploads\/sites\/23\/2013\/06\/Foto-del-duo1.jpg 333w, https:\/\/static-blogs.laverdad.es\/wp-content\/uploads\/sites\/23\/2013\/06\/Foto-del-duo1-201x300.jpg 201w\" sizes=\"(max-width: 333px) 100vw, 333px\" \/><\/a><\/p>\n<p>&nbsp;<\/p>\n<p>Nuestra regi\u00f3n no dispone de suficientes recursos h\u00eddricos para exportar agua. Sin embargo, s\u00ed es posible llevar a cabo en menos de 48 horas un particular y gratificante trasvase Segura-Atl\u00e1ntico.<\/p>\n<p>Entre las cosas de las que podemos presumir en Murcia es de la excelente salud musical de nuestros j\u00f3venes talentos. Hay que celebrar que el <strong>d\u00fao Alayre,<\/strong> constituido por la clarinetista<strong> Laura Fern\u00e1ndez<\/strong> y la guitarrista <strong>Herminia Navarro<\/strong>, ofrecen un interesante concierto con m\u00fasica cl\u00e1sica popular compuesta en el siglo XX a ambos lados del oc\u00e9ano Atl\u00e1ntico.<\/p>\n<p>Como nos interesa mucho la intenci\u00f3n de las int\u00e9rpretes, hablamos con<strong> Herminia<\/strong> sobre el programa: <em>&#8220;La elecci\u00f3n del repertorio tiene que ver con mostrar la delgada l\u00ednea que hay entre la m\u00fasica culta y la popular. La combinaci\u00f3n de guitarra y clarinete no es muy habitual y queremos compartirla con el p\u00fablico&#8221;.<\/em><\/p>\n<p>El entorno del concierto es muy original como comprobar\u00e1n ya que est\u00e1 situado en la huerta de Murcia a pocos metros del r\u00edo Segura: <em>&#8220;Alayre no tiene un esp\u00edrit<span style=\"font-size: 13px;\">u de ruptura con la tradici\u00f3n y muchos de nuestros conciertos se programan en auditorios con tradici\u00f3n cl\u00e1sica. <\/span><span style=\"font-size: 13px;\">Pero desde el comienzo del d\u00fao en 2010, existe una preocupaci\u00f3n por acercar a m\u00e1s personas un tipo de m\u00fasica que no es exclusiva de unos pocos como son los mel\u00f3manos entendidos, los estudiantes o los profesionales&#8221;.<\/span><\/em><\/p>\n<p><span style=\"font-size: 13px;\">Las obras y autores que han escogido <strong>Herminia y Laura<\/strong> nos hacen viajar hacia atr\u00e1s en el tiempo:<em> &#8220;<strong>Lorca<\/strong>\u00a0en sus &#8220;Canciones populares espa\u00f1olas&#8221; trasnsmite las tonadas populares tal y como las escucha, sin alterarlas en nada. <strong>Falla<\/strong> elabora una m\u00fasica esquisita a partir del esp\u00edritu de lo popular. <strong>Celso Machado<\/strong> recrea de una forma sencilla este tipo de tradici\u00f3n popular brasile\u00f1a y, finalmente, <strong>Piazzolla <\/strong>muestra gran determinaci\u00f3n ante las cr\u00edticas del entorno hacia su forma de combinar lo esencial del tango \u00a0argentino y su t\u00e9cnica de componer m\u00fasica cl\u00e1sica&#8221;.<\/em><\/span><\/p>\n<p><span style=\"font-size: 13px;\"><strong>Federico Garc\u00eda Lorca<\/strong>, en una conferencia pronunciada en Nueva York, dice: <em>&#8220;En la melod\u00eda, como en el dulce, se refugia la emoci\u00f3n de la historia, su luz permanente sin fechas ni hechos. El amor y la brisa de nuestro pa\u00eds vienen en las tonadas o en la rica pasta del turr\u00f3n, trayendo vida viva de las \u00e9pocas muertas, al contrario de las piedras, las campanas, las gentes con car\u00e1cter y a\u00fan el lenguaje&#8221;.\u00a0<\/em><\/span><\/p>\n<p>El d\u00eda de San Luis, es <strong>el d\u00eda europeo de la m\u00fasica<\/strong>. Una excelente forma de celebrarlo es escuchando m\u00fasica en vivo.<\/p>\n<p><strong><em><span style=\"font-size: 13px;\">Viernes 21 de junio de 2013. 22:30h. &#8220;Cruzando el Atl\u00e1ntico: Ayres populares&#8221;. Lugar: Ateneo Cultural Huertano &#8220;Los p\u00e1jaros&#8221; . D\u00fao Alayre Laura Fern\u00e1ndez (clarinete) y Herminia Navarro (guitarra). Obras de Lorca, Falla, Celso Machado y Piazolla. Entrada libre con aportaci\u00f3n voluntaria.<\/span><\/em><\/strong><\/p>\n<p>Informaci\u00f3n y plano de localizaci\u00f3n en: 868 813 44o . \u00a0www.lospajaros.org<\/p>\n","protected":false},"excerpt":{"rendered":"<p>&nbsp; Nuestra regi\u00f3n no dispone de suficientes recursos h\u00eddricos para exportar agua. Sin embargo, s\u00ed es posible llevar a cabo en menos de 48 horas un particular y gratificante trasvase Segura-Atl\u00e1ntico. Entre las cosas de las que podemos presumir en Murcia es de la excelente salud musical de nuestros j\u00f3venes talentos. Hay que celebrar que [&hellip;]<\/p>\n","protected":false},"author":24,"featured_media":0,"comment_status":"open","ping_status":"open","sticky":false,"template":"","format":"standard","meta":[],"categories":[19],"tags":[],"_links":{"self":[{"href":"https:\/\/blogs.laverdad.es\/musicainesperada\/wp-json\/wp\/v2\/posts\/149"}],"collection":[{"href":"https:\/\/blogs.laverdad.es\/musicainesperada\/wp-json\/wp\/v2\/posts"}],"about":[{"href":"https:\/\/blogs.laverdad.es\/musicainesperada\/wp-json\/wp\/v2\/types\/post"}],"author":[{"embeddable":true,"href":"https:\/\/blogs.laverdad.es\/musicainesperada\/wp-json\/wp\/v2\/users\/24"}],"replies":[{"embeddable":true,"href":"https:\/\/blogs.laverdad.es\/musicainesperada\/wp-json\/wp\/v2\/comments?post=149"}],"version-history":[{"count":0,"href":"https:\/\/blogs.laverdad.es\/musicainesperada\/wp-json\/wp\/v2\/posts\/149\/revisions"}],"wp:attachment":[{"href":"https:\/\/blogs.laverdad.es\/musicainesperada\/wp-json\/wp\/v2\/media?parent=149"}],"wp:term":[{"taxonomy":"category","embeddable":true,"href":"https:\/\/blogs.laverdad.es\/musicainesperada\/wp-json\/wp\/v2\/categories?post=149"},{"taxonomy":"post_tag","embeddable":true,"href":"https:\/\/blogs.laverdad.es\/musicainesperada\/wp-json\/wp\/v2\/tags?post=149"}],"curies":[{"name":"wp","href":"https:\/\/api.w.org\/{rel}","templated":true}]}}