{"id":152,"date":"2013-06-21T18:56:32","date_gmt":"2013-06-21T18:56:32","guid":{"rendered":"http:\/\/blogs.laverdad.es\/musicainesperada\/?p=152"},"modified":"2013-06-21T18:56:32","modified_gmt":"2013-06-21T18:56:32","slug":"soplo-de-eolos-para-un-aniversario","status":"publish","type":"post","link":"https:\/\/blogs.laverdad.es\/musicainesperada\/2013\/06\/21\/soplo-de-eolos-para-un-aniversario\/","title":{"rendered":"Soplo de Eolos para un aniversario."},"content":{"rendered":"<p>&nbsp;<\/p>\n<div>\n<h2><a href=\"\/musicainesperada\/wp-content\/uploads\/sites\/23\/2013\/06\/Manet-El-Pifano1.jpg\"><img loading=\"lazy\" class=\"aligncenter size-full wp-image-156\" title=\"Manet El Pifano\" src=\"\/musicainesperada\/wp-content\/uploads\/sites\/23\/2013\/06\/Manet-El-Pifano1.jpg\" alt=\"\" width=\"353\" height=\"600\" srcset=\"https:\/\/static-blogs.laverdad.es\/wp-content\/uploads\/sites\/23\/2013\/06\/Manet-El-Pifano1.jpg 353w, https:\/\/static-blogs.laverdad.es\/wp-content\/uploads\/sites\/23\/2013\/06\/Manet-El-Pifano1-177x300.jpg 177w\" sizes=\"(max-width: 353px) 100vw, 353px\" \/><\/a><\/h2>\n<h2><\/h2>\n<p>El ciclo<strong> \u201cCuadros con M\u00fasica\u201d<\/strong> llega a su d\u00e9cima edici\u00f3n. Esta propuesta cultural nace en 2010 con el prop\u00f3sito de crear un espacio musical en la que j\u00f3venes m\u00fasicos preparen conciertos que sean presentados en sociedad. Cada concierto se asocia a un cuadro y cada cuadro a un ponente, generalmente un profesor de historia, un experto en pintura o un pintor de actualidad.<\/p>\n<p><span style=\"font-size: 13px;\">Todo comienza hace dos a\u00f1os con el cuadro <\/span><strong style=\"font-size: 13px;\"><em>\u201cLe moulin de la Galette\u201d<\/em><\/strong><span style=\"font-size: 13px;\"> de <\/span><strong style=\"font-size: 13px;\">Monet.<\/strong><span style=\"font-size: 13px;\"> Y de Monet a <\/span><strong style=\"font-size: 13px;\">Manet<\/strong><span style=\"font-size: 13px;\">, ya que en este d\u00e9cimo aniversario, se hace un an\u00e1lisis de su conocida obra <\/span><strong style=\"font-size: 13px;\"><em>\u201cEl p\u00edfano\u201d.<\/em><\/strong><\/p>\n<p>Siempre es importante celebrar los acontecimientos relevantes. Para apagar las diez velas de tan significativa tarta, nada mejor que el soplido de <strong>Eolos<\/strong>, el dios que controla los vientos.<\/p>\n<p>El <strong>cuarteto Eolos<\/strong> est\u00e1 constituido por las flautistas <strong><em>Paloma L\u00f3pez Mu\u00f1oz, Alba Ortiz L\u00f3pez, Lidia Ortega Serrano y Almudena Oliva Hern\u00e1ndez<\/em><\/strong> (de izda a dcha) e interpretan el lunes obras famosas de <strong>Debussy y Bizet.<\/strong><\/p>\n<p>Hace algunas semanas habl\u00e1bamos en este blog de la personalidad de <strong><em>Carmen,<\/em><\/strong> la protagonista de la \u00f3pera de Bizet. El <strong>cuarteto\u00a0Eolos<\/strong> nos presenta la suite sobre temas de la \u00f3pera con la intenci\u00f3n de mostrarnos el car\u00e1cter de la m\u00fasica del compositor franc\u00e9s.<\/p>\n<p>Para <strong>Alba<\/strong>, la c\u00e9lebre <em><strong>habanera<\/strong> \u201ces la pieza que mejor\u00a0<\/em><em style=\"font-size: 13px;\">representa a un cuarteto de mujeres espa\u00f1olas&#8221;\u00a0<\/em><\/p>\n<p><img loading=\"lazy\" class=\"alignright size-medium wp-image-157\" title=\"Cuarteto eolos\" src=\"\/musicainesperada\/wp-content\/uploads\/sites\/23\/2013\/06\/Cuarteto-eolos2.jpg\" alt=\"\" width=\"300\" height=\"293\" srcset=\"https:\/\/static-blogs.laverdad.es\/wp-content\/uploads\/sites\/23\/2013\/06\/Cuarteto-eolos2.jpg 700w, https:\/\/static-blogs.laverdad.es\/wp-content\/uploads\/sites\/23\/2013\/06\/Cuarteto-eolos2-300x294.jpg 300w\" sizes=\"(max-width: 300px) 100vw, 300px\" \/><em style=\"font-size: 13px;\">&#8220;Hemos trabajado este movimiento \u00a0adapt\u00e1ndolo a las caracter\u00edsticas de la flauta travesera y a nuestros propios gustos musicales.\u201d<\/em><strong>Paloma<\/strong> nos revela que <em>\u201cen el aria de Escamillo el tema principal aparece\u00a0<\/em><em style=\"font-size: 13px;\">en l<\/em><em style=\"font-size: 13px;\">as cua<\/em><em style=\"font-size: 13px;\">tro voces y hay\u00a0<\/em><em style=\"font-size: 13px;\">que buscar la igualdad en la sonoridad \u00a0diferenciando en todo momento el car\u00e1cter y la articulaci\u00f3n\u201d.<\/em><\/p>\n<p><strong>Almudena<\/strong> confiesa que se identifica mucho con el <em><strong>Preludio de los toreros<\/strong><\/em> ya que hace alusi\u00f3n al ambiente festivo de las corridas de toros:<em> \u201cPara lograr el car\u00e1cter de la pieza hay que tocar con un picado corto y r\u00e1pido, que en el registro grave de la flauta es un reto t\u00e9cnico.&#8221;<\/em><\/p>\n<p><em><\/em>El movimiento <strong><em>Marcha militar o Cambio de guardia<\/em><\/strong> contiene timbres diferentes por la incorporaci\u00f3n de los dos flautines. <strong>Lidia<\/strong> destaca que <em>&#8220;este instrumento se debe tocar con muy buena afinaci\u00f3n y con un buen empaste con las llamadas militares de las dos flautas&#8221;<\/em><\/p>\n<p>Detr\u00e1s de <strong>\u201cCuadros con M\u00fasica\u201d<\/strong> hay muchas horas de trabajo en el conservatorio y en casa. La dedicaci\u00f3n de los profesores de cada instrumento y de los profesores encargados de coordinar la m\u00fasica de c\u00e1mara es fundamental. La excelente preparaci\u00f3n de los j\u00f3venes les permite compartir esta m\u00fasica con el p\u00fablico.<\/p>\n<p><span style=\"font-size: 13px;\">Hay que destacar la generosidad y la sabidur\u00eda<\/span><span style=\"font-size: 13px;\">\u00a0de los ponentes que clarifican todos los aspectos de las pinturas que acompa\u00f1an a la m\u00fasica.\u00a0<\/span><\/p>\n<p>Por \u00faltimo, el apoyo de Cajamurcia a <strong>&#8220;Cuadros con M\u00fasica&#8221;<\/strong> la convierte en el hada madrina de esta hora m\u00e1gica donde pinceladas y notas musicales despiertan tanto inter\u00e9s en el fiel auditorio.<br \/>\n<em><strong>Lunes 24 de Junio de 2013, 20 horas. Aula de Cultura de Cajamurcia,<\/strong><\/em> Gran v\u00eda, 23. Cuadros con M\u00fasica (10\u00aa edici\u00f3n): L\u00b4Epagne est a la mode. Manet, Bizet y Debussy. Ponente: Profesor Francisco Garc\u00eda Cuarteto Eolos. Entrada libre hasta completar aforo.<\/p>\n<\/div>\n","protected":false},"excerpt":{"rendered":"<p>&nbsp; El ciclo \u201cCuadros con M\u00fasica\u201d llega a su d\u00e9cima edici\u00f3n. Esta propuesta cultural nace en 2010 con el prop\u00f3sito de crear un espacio musical en la que j\u00f3venes m\u00fasicos preparen conciertos que sean presentados en sociedad. Cada concierto se asocia a un cuadro y cada cuadro a un ponente, generalmente un profesor de historia, [&hellip;]<\/p>\n","protected":false},"author":24,"featured_media":0,"comment_status":"open","ping_status":"open","sticky":false,"template":"","format":"standard","meta":[],"categories":[5],"tags":[],"_links":{"self":[{"href":"https:\/\/blogs.laverdad.es\/musicainesperada\/wp-json\/wp\/v2\/posts\/152"}],"collection":[{"href":"https:\/\/blogs.laverdad.es\/musicainesperada\/wp-json\/wp\/v2\/posts"}],"about":[{"href":"https:\/\/blogs.laverdad.es\/musicainesperada\/wp-json\/wp\/v2\/types\/post"}],"author":[{"embeddable":true,"href":"https:\/\/blogs.laverdad.es\/musicainesperada\/wp-json\/wp\/v2\/users\/24"}],"replies":[{"embeddable":true,"href":"https:\/\/blogs.laverdad.es\/musicainesperada\/wp-json\/wp\/v2\/comments?post=152"}],"version-history":[{"count":0,"href":"https:\/\/blogs.laverdad.es\/musicainesperada\/wp-json\/wp\/v2\/posts\/152\/revisions"}],"wp:attachment":[{"href":"https:\/\/blogs.laverdad.es\/musicainesperada\/wp-json\/wp\/v2\/media?parent=152"}],"wp:term":[{"taxonomy":"category","embeddable":true,"href":"https:\/\/blogs.laverdad.es\/musicainesperada\/wp-json\/wp\/v2\/categories?post=152"},{"taxonomy":"post_tag","embeddable":true,"href":"https:\/\/blogs.laverdad.es\/musicainesperada\/wp-json\/wp\/v2\/tags?post=152"}],"curies":[{"name":"wp","href":"https:\/\/api.w.org\/{rel}","templated":true}]}}