{"id":158,"date":"2013-06-27T22:56:36","date_gmt":"2013-06-27T22:56:36","guid":{"rendered":"http:\/\/blogs.laverdad.es\/musicainesperada\/?p=158"},"modified":"2013-06-27T22:56:36","modified_gmt":"2013-06-27T22:56:36","slug":"un-corazon-con-muchos-sobresaltos","status":"publish","type":"post","link":"https:\/\/blogs.laverdad.es\/musicainesperada\/2013\/06\/27\/un-corazon-con-muchos-sobresaltos\/","title":{"rendered":"Un coraz\u00f3n con muchos sobresaltos."},"content":{"rendered":"<p><a href=\"\/musicainesperada\/wp-content\/uploads\/sites\/23\/2013\/06\/mahler.jpg\"><img loading=\"lazy\" class=\"aligncenter size-full wp-image-159\" title=\"mahler\" src=\"\/musicainesperada\/wp-content\/uploads\/sites\/23\/2013\/06\/mahler.jpg\" alt=\"\" width=\"230\" height=\"280\" \/><\/a><\/p>\n<p>&nbsp;<\/p>\n<p>Cuando un m\u00e9dico escribe sobre m\u00fasica existe el riesgo de que termine hablando de medicina. En la categor\u00eda <em><strong>\u201cpacientes con ritmo\u201d<\/strong><\/em> les hablo de grandes m\u00fasicos que padecieron enfermedades en circunstancias muy distintas a las de hoy d\u00eda.<\/p>\n<p><strong>Gustav Mahler<\/strong> (1860-1911), m\u00fasico que destaca por su personalidad y sensibilidad, tiene una vida marcada por el sufrimiento personal. Desde su dura infancia, es testigo del car\u00e1cter agresivo de su padre y vive de cerca la muerte de varios hermanos de corta edad. Adem\u00e1s, al final de su vida, pierde a su hija mayor tras una escarlatina y descubre que <strong>Alma<\/strong>, su esposa, mantiene relaciones extramaritales con un famoso arquitecto vien\u00e9s. A nivel profesional, tampoco le van bien las cosas al tener que dejar en 1907 la direcci\u00f3n de la \u00d3pera de Viena por las presiones sociales. No es de extra\u00f1ar que el compositor figure como paciente del c\u00e9lebre <strong>Sigmund Freud.<\/strong><\/p>\n<p>A pesar de que el coraz\u00f3n de <strong>Mahler<\/strong> sufre por estos avatares de perfil psicol\u00f3gico, la muerte le llega tras una grave patolog\u00eda del coraz\u00f3n denominada <em><strong>endocarditis bacteriana<\/strong><\/em>, poco conocida en su \u00e9poca.<\/p>\n<p>En febrero de 1911, cuando <strong>Mahler<\/strong> dirige la Filarm\u00f3nicade Nueva York, se siente indispuesto por una amigdalitis aguda. El m\u00fasico tiene antecedentes de fiebre reum\u00e1tica desde la infancia y la infecci\u00f3n de garganta le ocasiona una endocarditis bacteriana, caracterizada por una infecci\u00f3n de las v\u00e1lvulas cardiacas. R\u00e1pidamente desarrolla todos los s\u00edntomas t\u00edpicos de la enfermedad y consulta al famoso <strong>doctor Libman<\/strong> que le ausculta un soplo en el coraz\u00f3n, le toma una muestra de sangre y la estudia con una t\u00e9cnica de hemocultivo que ha perfeccionado para el diagn\u00f3stico de esta patolog\u00eda. Podemos decir que <strong>Mahler<\/strong> es el primer m\u00fasico de la historia diagnosticado de forma certera con una prueba microbiol\u00f3gica.<\/p>\n<p><strong>Gustav<\/strong> vive en una \u00e9poca donde no existen los antibi\u00f3ticos y recibe como tratamiento una vacuna antriestreptoc\u00f3cica de car\u00e1cter experimental. A pesar de su d\u00e9bil estado de salud, decide volver a Europa y consultar con otros m\u00e9dicos. El 11 de mayo de 1911 fallece en Viena, la ciudad donde ha desarrollado su carrera y vivido la m\u00fasica con plenitud.<\/p>\n<p><a href=\"\/musicainesperada\/wp-content\/uploads\/sites\/23\/2013\/06\/Diagn-mahler.jpg\"><img loading=\"lazy\" class=\"alignright size-medium wp-image-160\" title=\"Diagn mahler\" src=\"\/musicainesperada\/wp-content\/uploads\/sites\/23\/2013\/06\/Diagn-mahler.jpg\" alt=\"\" width=\"243\" height=\"300\" srcset=\"https:\/\/static-blogs.laverdad.es\/wp-content\/uploads\/sites\/23\/2013\/06\/Diagn-mahler.jpg 396w, https:\/\/static-blogs.laverdad.es\/wp-content\/uploads\/sites\/23\/2013\/06\/Diagn-mahler-243x300.jpg 243w\" sizes=\"(max-width: 243px) 100vw, 243px\" \/><\/a><\/p>\n<p>Les muestro un documento encontrado en el Hospital Mount Sinai de Nueva York\u00a0 tras la muerte del <strong>doctor Libman<\/strong>, donde se certifica el diagn\u00f3stico de la enfermedad del compositor.<\/p>\n<p><strong>Mahler<\/strong>, aparentemente era un hombre fuerte y sano. Sobrevive a una epidemia de c\u00f3lera y s\u00f3lo padece de hemorroides, amigdalitis y molestias intestinales durante su vida. Cuando, a\u00f1os antes de sufrir la endocarditis, le diagnostica el <strong>doctor Blumenthal<\/strong> la cardiopat\u00eda reum\u00e1tica, le escribe a <strong>Bruno Walter<\/strong>: \u201cMi actividad mental debo complementarla con actividad f\u00edsica. Un simple paseo suave me sube el pulso y con tales palpitaciones no consigo caminar sin olvidar mi propio cuerpo\u201d.<\/p>\n<p>&nbsp;<\/p>\n","protected":false},"excerpt":{"rendered":"<p>&nbsp; Cuando un m\u00e9dico escribe sobre m\u00fasica existe el riesgo de que termine hablando de medicina. En la categor\u00eda \u201cpacientes con ritmo\u201d les hablo de grandes m\u00fasicos que padecieron enfermedades en circunstancias muy distintas a las de hoy d\u00eda. Gustav Mahler (1860-1911), m\u00fasico que destaca por su personalidad y sensibilidad, tiene una vida marcada por [&hellip;]<\/p>\n","protected":false},"author":24,"featured_media":0,"comment_status":"open","ping_status":"open","sticky":false,"template":"","format":"standard","meta":[],"categories":[13],"tags":[],"_links":{"self":[{"href":"https:\/\/blogs.laverdad.es\/musicainesperada\/wp-json\/wp\/v2\/posts\/158"}],"collection":[{"href":"https:\/\/blogs.laverdad.es\/musicainesperada\/wp-json\/wp\/v2\/posts"}],"about":[{"href":"https:\/\/blogs.laverdad.es\/musicainesperada\/wp-json\/wp\/v2\/types\/post"}],"author":[{"embeddable":true,"href":"https:\/\/blogs.laverdad.es\/musicainesperada\/wp-json\/wp\/v2\/users\/24"}],"replies":[{"embeddable":true,"href":"https:\/\/blogs.laverdad.es\/musicainesperada\/wp-json\/wp\/v2\/comments?post=158"}],"version-history":[{"count":0,"href":"https:\/\/blogs.laverdad.es\/musicainesperada\/wp-json\/wp\/v2\/posts\/158\/revisions"}],"wp:attachment":[{"href":"https:\/\/blogs.laverdad.es\/musicainesperada\/wp-json\/wp\/v2\/media?parent=158"}],"wp:term":[{"taxonomy":"category","embeddable":true,"href":"https:\/\/blogs.laverdad.es\/musicainesperada\/wp-json\/wp\/v2\/categories?post=158"},{"taxonomy":"post_tag","embeddable":true,"href":"https:\/\/blogs.laverdad.es\/musicainesperada\/wp-json\/wp\/v2\/tags?post=158"}],"curies":[{"name":"wp","href":"https:\/\/api.w.org\/{rel}","templated":true}]}}