{"id":1611,"date":"2019-09-28T12:46:54","date_gmt":"2019-09-28T10:46:54","guid":{"rendered":"https:\/\/blogs.laverdad.es\/musicainesperada\/?p=1611"},"modified":"2019-09-29T08:57:13","modified_gmt":"2019-09-29T06:57:13","slug":"la-imagen-de-clara","status":"publish","type":"post","link":"https:\/\/blogs.laverdad.es\/musicainesperada\/2019\/09\/28\/la-imagen-de-clara\/","title":{"rendered":"La imagen de Clara"},"content":{"rendered":"<p>Este verano les he hablado de la historia de amor expl\u00edcitamente contada con m\u00e1s intensidad a trav\u00e9s de la m\u00fasica. Pero si analizamos las partituras escritas por los grandes compositores, es fascinante profundizar en sus corazones y comprender que las historias de amor, tengan o no un final feliz, son una descomunal fuente de sincera creatividad.<\/p>\n<p>Uno de los m\u00fasicos que sufri\u00f3 por amor fue <strong>Robert Schumann<\/strong> (1810-1856). Siendo un joven de 18 a\u00f1os se traslada a la Universidad de Leipzig y all\u00ed recibe clases de piano de <strong>Fiedrich Wieck<\/strong>. En la casa de su profesor corretea una ni\u00f1a de tan s\u00f3lo 9 a\u00f1os, su hija <strong>Clara<\/strong>, la que se va iba convertir en el amor de su vida. \u00a0Durante el periodo que <strong>Schumann<\/strong> fue tutelado por <strong>Wieck<\/strong>, llevaba una vida destartalada con un consumo de alcohol desmesurado y relaciones personales promiscuas, que le contagiaron la s\u00edfilis. Adem\u00e1s, ten\u00eda problemas de movilidad de los dedos de la mano derecha, que seguramente eran debidos a una diston\u00eda focal sin diagnosticar, lo que llev\u00f3 al m\u00fasico a pensar que se hab\u00eda autolesionado al ejercitar sus dedos con un extra\u00f1o aparato.<\/p>\n<p>No es de extra\u00f1ar el enfado de <strong>Wieck<\/strong> cuando descubre que <strong>Robert<\/strong> con 25 a\u00f1os y <strong>Clara<\/strong> con 17 est\u00e1n enamorados. No pod\u00eda consentir que su hija se casara con un m\u00fasico mediocre y borracho a sus ojos. Por ello, intent\u00f3 por todos los medios separarlos, hasta llegar a poner una denuncia formal que llev\u00f3 a <strong>Schumann<\/strong> a ingresar en la c\u00e1rcel durante casi tres semanas. Finalmente, los j\u00f3venes enamorados consiguen casarse en 1940 tras acudir a la Corte de Apelaci\u00f3n.<\/p>\n<p>Pero, \u00bfqu\u00e9 importancia tuvo esta historia de amor en la carrera de <strong>Schumann<\/strong>?. Para el compositor alem\u00e1n, escribir obras para piano era la \u00fanica forma de expresar su amor a <strong>Clara,<\/strong> que era mejor pianista que \u00e9l y podr\u00eda revivir sus sentimientos interpretando su m\u00fasica al teclado. Podr\u00edamos decir que la pareja mantuvo una relaci\u00f3n epistolar a trav\u00e9s de las notas de las partituras.<\/p>\n<p>La programaci\u00f3n del Auditorio de Murcia abre con el <em><strong>Concierto para piano en La menor opus 54<\/strong><\/em> de <strong>Schumann<\/strong>. Fue considerado por <strong>Anton Rubistein<\/strong> como la obra maestra para piano y no es una exageraci\u00f3n, porque es una composici\u00f3n rom\u00e1ntica que engancha al oyente nota por nota, desde la primera hasta la \u00faltima. Aunque fue dedicado a su amigo compositor y pianista <strong>Ferdinand von Hiller<\/strong>, el primer movimiento de este concierto <em>Allegro affettuoso<\/em> nace a partir de la Fantas\u00eda para piano y orquesta escrita para su amada <strong>Clara<\/strong>. Posteriormente, <strong>Schumann<\/strong> a\u00f1adi\u00f3 el <em>Intermezzo<\/em> y <em>Finale<\/em>, de manera que crean una perfecta unidad tem\u00e1tica, lo que para el maestro era crucial.<\/p>\n<p>El primer movimiento contiene un segundo tema en Do mayor que es una variaci\u00f3n de un interesante fragmento de cinco notas con el que <strong>Schumann<\/strong> ideaba la imagen de su amada. El concierto se estren\u00f3 en Leipzig el 1 de enero de 1846 con <strong>Clara Wieck<\/strong> sentada al piano, que en cada uno de los tres movimientos expres\u00f3 con su talento, cada una de las frases de amor que s\u00f3lo ella pudo comprender del todo.<\/p>\n<p>El programa se completa con la <em><strong>Sexta Sinfon\u00eda<\/strong><\/em> de <strong>Chaikovski<\/strong>, la <em><strong>Pat\u00e9tica<\/strong><\/em>, de la que hemos hablado en otras ocasiones en <em><strong>M\u00fasica Inesperada<\/strong><\/em> y donde el compositor no deja ning\u00fan comp\u00e1s sin su caracter\u00edstica e insoportable carga emotiva.<\/p>\n<p>&nbsp;<\/p>\n<p><em><strong>Domingo 29 de septiembre, 20 horas. Concierto para piano de Schumann y Sexta sinfon\u00eda de Chaikovski. Orquesta Sinf\u00f3nica Camera Musicae, Judith J\u00e1uregui (piano), Tom\u00e1s Grau (direcci\u00f3n).<\/strong><\/em><\/p>\n<p>&nbsp;<\/p>\n<p>&nbsp;<\/p>\n<p>&nbsp;<\/p>\n<p>&nbsp;<\/p>\n","protected":false},"excerpt":{"rendered":"<p>Este verano les he hablado de la historia de amor expl\u00edcitamente contada con m\u00e1s intensidad a trav\u00e9s de la m\u00fasica. Pero si analizamos las partituras escritas por los grandes compositores, es fascinante profundizar en sus corazones y comprender que las historias de amor, tengan o no un final feliz, son una descomunal fuente de sincera [&hellip;]<\/p>\n","protected":false},"author":24,"featured_media":0,"comment_status":"open","ping_status":"open","sticky":false,"template":"","format":"standard","meta":[],"categories":[19],"tags":[],"_links":{"self":[{"href":"https:\/\/blogs.laverdad.es\/musicainesperada\/wp-json\/wp\/v2\/posts\/1611"}],"collection":[{"href":"https:\/\/blogs.laverdad.es\/musicainesperada\/wp-json\/wp\/v2\/posts"}],"about":[{"href":"https:\/\/blogs.laverdad.es\/musicainesperada\/wp-json\/wp\/v2\/types\/post"}],"author":[{"embeddable":true,"href":"https:\/\/blogs.laverdad.es\/musicainesperada\/wp-json\/wp\/v2\/users\/24"}],"replies":[{"embeddable":true,"href":"https:\/\/blogs.laverdad.es\/musicainesperada\/wp-json\/wp\/v2\/comments?post=1611"}],"version-history":[{"count":4,"href":"https:\/\/blogs.laverdad.es\/musicainesperada\/wp-json\/wp\/v2\/posts\/1611\/revisions"}],"predecessor-version":[{"id":1615,"href":"https:\/\/blogs.laverdad.es\/musicainesperada\/wp-json\/wp\/v2\/posts\/1611\/revisions\/1615"}],"wp:attachment":[{"href":"https:\/\/blogs.laverdad.es\/musicainesperada\/wp-json\/wp\/v2\/media?parent=1611"}],"wp:term":[{"taxonomy":"category","embeddable":true,"href":"https:\/\/blogs.laverdad.es\/musicainesperada\/wp-json\/wp\/v2\/categories?post=1611"},{"taxonomy":"post_tag","embeddable":true,"href":"https:\/\/blogs.laverdad.es\/musicainesperada\/wp-json\/wp\/v2\/tags?post=1611"}],"curies":[{"name":"wp","href":"https:\/\/api.w.org\/{rel}","templated":true}]}}