{"id":163,"date":"2013-07-01T21:40:26","date_gmt":"2013-07-01T21:40:26","guid":{"rendered":"http:\/\/blogs.laverdad.es\/musicainesperada\/?p=163"},"modified":"2013-07-01T21:40:26","modified_gmt":"2013-07-01T21:40:26","slug":"kit-kat-con-schubert","status":"publish","type":"post","link":"https:\/\/blogs.laverdad.es\/musicainesperada\/2013\/07\/01\/kit-kat-con-schubert\/","title":{"rendered":"Kit-kat con Schubert."},"content":{"rendered":"<p><strong>Franz Peter Schubert<\/strong> (Viena 1797-1828) es el m\u00fasico ligado al <em>Lied<\/em>, canto popular alem\u00e1n que \u00e9l recrea con una intenci\u00f3n expresiva jam\u00e1s alcanzada por otro compositor.<\/p>\n<p>Para <strong>Dietrich Fischer-Diskau<\/strong>, quiz\u00e1s el mejor int\u00e9rprete de <em>Lieder<\/em> de la historia, <strong>Franz Schubert<\/strong> convierte un mundo de poes\u00eda en m\u00fasica. Con esto esta dicho todo.<\/p>\n<p>Personalmente, si tuviese que elegir un\u00a0<em>Lied <\/em>para mostrarles el arte de este m\u00fasico<em>,<\/em>\u00a0honestamente<span style=\"font-size: 13px;\">\u00a0les confieso<\/span><span style=\"font-size: 13px;\">\u00a0mi incapacidad para decantarme por uno de ellos. As\u00ed que escojo el \u00faltimo escuchado y en mi opini\u00f3n fascinante: <strong><em>&#8220;Du bist die Ruh&#8221; D776\u00a0<\/em><\/strong><\/span><span style=\"font-size: 13px;\">(&#8220;T\u00fa eres la calma&#8221; o &#8220;Tu eres el reposo&#8221;).<\/span><\/p>\n<p>En esta joya compuesta en 1823 por el<em><strong> &#8220;Pr\u00edncipe del Lied&#8221;,<\/strong><\/em>\u00a0el piano hace una m\u00edstica introducci\u00f3n que evoca la atm\u00f3sfera oriental del poeta Fiedrich R\u00fcckert, autor del texto. La voz repite una sencilla melod\u00eda de \u00a1s\u00f3lo cuatro notas! y de una sobredosis de emotividad para la que no hay palabras.<\/p>\n<p><strong>Schubert<\/strong> modula la melod\u00eda para enfatizar expresiones como <em>Schmerz<\/em> (dolor) o\u00a0<em>Herz<\/em> (coraz\u00f3n) y les invito a prestar mucha atenci\u00f3n a partir de 3:20, cuando comienza un lento ascenso de la melod\u00eda en &#8220;<em>crescendo<\/em>&#8221; y &#8220;<em>descrescendo<\/em>&#8220;, coincidiendo con las frases &#8220;<em>Die Augenzelt, von Deinem Glanz allein erhelt. O f\u00fcll es ganz!<\/em>&#8221; (El \u00a0templo de mis ojos vive alumbrado s\u00f3lo por tu resplandor \u00a1Oh, ll\u00e9nalo todo!). Para <strong>Fischer-Diskau<\/strong>, este fragmento es la lecci\u00f3n de canto m\u00e1s valiosa y al mismo tiempo m\u00e1s dificil que todas las vocalizaciones de los libros de aprendizaje para cantantes.<\/p>\n<p>Sincronizen sus cron\u00f3metros, fabriquen un momento de tranquilidad y disfruten de la pureza de sentimientos de\u00a0<em><strong>&#8220;Du bist die Ruh&#8221;.<\/strong><\/em><\/p>\n<p>&nbsp;<\/p>\n<p><iframe loading=\"lazy\" src=\"\/\/www.youtube.com\/embed\/SBRUJrjNJDE\" frameborder=\"0\" width=\"420\" height=\"315\"><\/iframe><\/p>\n","protected":false},"excerpt":{"rendered":"<p>Franz Peter Schubert (Viena 1797-1828) es el m\u00fasico ligado al Lied, canto popular alem\u00e1n que \u00e9l recrea con una intenci\u00f3n expresiva jam\u00e1s alcanzada por otro compositor. Para Dietrich Fischer-Diskau, quiz\u00e1s el mejor int\u00e9rprete de Lieder de la historia, Franz Schubert convierte un mundo de poes\u00eda en m\u00fasica. Con esto esta dicho todo. Personalmente, si tuviese [&hellip;]<\/p>\n","protected":false},"author":24,"featured_media":0,"comment_status":"open","ping_status":"open","sticky":false,"template":"","format":"standard","meta":[],"categories":[9],"tags":[],"_links":{"self":[{"href":"https:\/\/blogs.laverdad.es\/musicainesperada\/wp-json\/wp\/v2\/posts\/163"}],"collection":[{"href":"https:\/\/blogs.laverdad.es\/musicainesperada\/wp-json\/wp\/v2\/posts"}],"about":[{"href":"https:\/\/blogs.laverdad.es\/musicainesperada\/wp-json\/wp\/v2\/types\/post"}],"author":[{"embeddable":true,"href":"https:\/\/blogs.laverdad.es\/musicainesperada\/wp-json\/wp\/v2\/users\/24"}],"replies":[{"embeddable":true,"href":"https:\/\/blogs.laverdad.es\/musicainesperada\/wp-json\/wp\/v2\/comments?post=163"}],"version-history":[{"count":0,"href":"https:\/\/blogs.laverdad.es\/musicainesperada\/wp-json\/wp\/v2\/posts\/163\/revisions"}],"wp:attachment":[{"href":"https:\/\/blogs.laverdad.es\/musicainesperada\/wp-json\/wp\/v2\/media?parent=163"}],"wp:term":[{"taxonomy":"category","embeddable":true,"href":"https:\/\/blogs.laverdad.es\/musicainesperada\/wp-json\/wp\/v2\/categories?post=163"},{"taxonomy":"post_tag","embeddable":true,"href":"https:\/\/blogs.laverdad.es\/musicainesperada\/wp-json\/wp\/v2\/tags?post=163"}],"curies":[{"name":"wp","href":"https:\/\/api.w.org\/{rel}","templated":true}]}}