{"id":164,"date":"2013-07-04T21:42:21","date_gmt":"2013-07-04T21:42:21","guid":{"rendered":"http:\/\/blogs.laverdad.es\/musicainesperada\/?p=164"},"modified":"2013-07-04T21:42:21","modified_gmt":"2013-07-04T21:42:21","slug":"simbiosis-musical-entre-flamenco-y-clasica","status":"publish","type":"post","link":"https:\/\/blogs.laverdad.es\/musicainesperada\/2013\/07\/04\/simbiosis-musical-entre-flamenco-y-clasica\/","title":{"rendered":"Simbiosis musical entre flamenco y cl\u00e1sica."},"content":{"rendered":"<p>&nbsp;<\/p>\n<p><a href=\"\/musicainesperada\/wp-content\/uploads\/sites\/23\/2013\/07\/Carlos-Pi\u00f1ana1.jpg\"><img loading=\"lazy\" class=\"aligncenter size-medium wp-image-166\" title=\"Carlos Pi\u00f1ana\" src=\"\/musicainesperada\/wp-content\/uploads\/sites\/23\/2013\/07\/Carlos-Pi\u00f1ana1.jpg\" alt=\"\" width=\"300\" height=\"237\" srcset=\"https:\/\/static-blogs.laverdad.es\/wp-content\/uploads\/sites\/23\/2013\/07\/Carlos-Pi\u00f1ana1.jpg 783w, https:\/\/static-blogs.laverdad.es\/wp-content\/uploads\/sites\/23\/2013\/07\/Carlos-Pi\u00f1ana1-300x238.jpg 300w, https:\/\/static-blogs.laverdad.es\/wp-content\/uploads\/sites\/23\/2013\/07\/Carlos-Pi\u00f1ana1-768x609.jpg 768w\" sizes=\"(max-width: 300px) 100vw, 300px\" \/><\/a><\/p>\n<p>&nbsp;<\/p>\n<p>La guitarra tiene hoy un protagonismo muy especial. <strong>Carlos Pi\u00f1ana<\/strong>, m\u00fasico de origen cartagenero estrena en Cartagena, como compositor e int\u00e9rprete, su obra <strong><em>&#8220;El cuidado de una esencia&#8221;.\u00a0<\/em><\/strong><\/p>\n<p>El\u00a0<strong>quinteto de los Pi\u00f1ana<\/strong> est\u00e1 ligado a la m\u00fasica flamenca de nuestra regi\u00f3n y extiende su influencia al \u00e1mbito nacional e internacional. El abuelo <strong>Antonio &#8220;el cantaor&#8221;<\/strong>, representa la primera generaci\u00f3n y se consagra \u00a0con el primer premio del Festival Cante de las Minas. <strong>Antonio padre &#8220;el guitarrista&#8221;<\/strong> juega un papel fundamental en la formaci\u00f3n de <strong>Carlos<\/strong>. Adem\u00e1s de la referencia que supone su brillante trayectoria como int\u00e9rprete de m\u00fasica flamenca, Antonio inculca a nuestro invitado de hoy el amor por este arte. El tercer eslab\u00f3n de la saga lo comparten con Carlos los dos <strong>Curro Pi\u00f1ana<\/strong>, el guitarrista y el cantaor.<\/p>\n<p>La suite para guitarra y orquesta que se estrena en el Auditorio El Batel es un magn\u00edfico ejemplo de simbiosis entre el mundo cl\u00e1sico y el flamenco de vanguardia. <strong>Carlos\u00a0<\/strong>est\u00e1 arropado en este concierto por la<strong>\u00a0<strong>Orquesta Sinf\u00f3nica de la Regi\u00f3n de Murcia<\/strong><\/strong>\u00a0que se encuentra en un momento espl\u00e9ndido de sonoridad, calidad musical y versatilidad.<\/p>\n<p>El m\u00fasico aclara que: <em>&#8220;<span style=\"font-size: 13px;\">El cuidado de una esencia&#8221;, es una obra que he compuesto fruto de las experiencias musicales a lo largo de mi vida. El contacto con otras m\u00fasicas ajenas al flamenco como el cl\u00e1sico, jazz, y blues, me permite asimilar conceptos musicales y transmitirlos a trav\u00e9s del lenguaje del flamenco&#8221;.<\/span><\/em><\/p>\n<p><span style=\"font-size: 13px;\"><strong>Carlos<\/strong> crea un estilo propio que va m\u00e1s all\u00e1 de la fusi\u00f3n de distintas m\u00fasicas. Realmente, este joven guitarrista consigue que las influencias cl\u00e1sicas y del flamenco interact\u00faen entre ellas a modo de di\u00e1logo, donde se integran de manera natural pinceladas de jazz. Para <strong>Pi\u00f1ana<\/strong>: <em>&#8220;D<\/em><\/span><em><span style=\"font-size: 13px;\">ada esta mezcolanza de sensaciones musicales, he tratado con sumo cuidado la esencia del flamenco para no desvirtuar su sentido y, al mismo tiempo, crear una m\u00fasica que mira al futuro sin perjuicios y con una base meramente flamenca.&#8221;<\/span><\/em><\/p>\n<div>\n<div>Les animo desde esta p\u00e1gina a &#8220;cuidar la esencia&#8221;. <strong>Carlos<\/strong> combina, con armon\u00eda y proporci\u00f3n, conocimientos musicales, tradici\u00f3n flamenca y pasi\u00f3n por este arte. Seguro que lo pasan muy bien.<\/div>\n<div><\/div>\n<div><\/div>\n<div><\/div>\n<div><em><strong>Viernes 5 de julio, 22 horas. Sala A del Auditorio El Batel, Cartagena. &#8220;El cuidado de una esencia&#8221; Carlos Pi\u00f1ana (guitarra), Jaime Belda (direcci\u00f3n musical), Orquesta Sinf\u00f3nica de la Regi\u00f3n de Murcia. Entradas: 14, 12 y 8 euros. Consultar descuentos.<\/strong><\/em><\/div>\n<div><\/div>\n<h4><\/h4>\n<div>\n<p>&nbsp;<\/p>\n<p>&nbsp;<\/p>\n<\/div>\n<\/div>\n<div><\/div>\n<div><\/div>\n<p>&nbsp;<\/p>\n","protected":false},"excerpt":{"rendered":"<p>&nbsp; &nbsp; La guitarra tiene hoy un protagonismo muy especial. Carlos Pi\u00f1ana, m\u00fasico de origen cartagenero estrena en Cartagena, como compositor e int\u00e9rprete, su obra &#8220;El cuidado de una esencia&#8221;.\u00a0 El\u00a0quinteto de los Pi\u00f1ana est\u00e1 ligado a la m\u00fasica flamenca de nuestra regi\u00f3n y extiende su influencia al \u00e1mbito nacional e internacional. El abuelo Antonio [&hellip;]<\/p>\n","protected":false},"author":24,"featured_media":0,"comment_status":"open","ping_status":"open","sticky":false,"template":"","format":"standard","meta":[],"categories":[19],"tags":[],"_links":{"self":[{"href":"https:\/\/blogs.laverdad.es\/musicainesperada\/wp-json\/wp\/v2\/posts\/164"}],"collection":[{"href":"https:\/\/blogs.laverdad.es\/musicainesperada\/wp-json\/wp\/v2\/posts"}],"about":[{"href":"https:\/\/blogs.laverdad.es\/musicainesperada\/wp-json\/wp\/v2\/types\/post"}],"author":[{"embeddable":true,"href":"https:\/\/blogs.laverdad.es\/musicainesperada\/wp-json\/wp\/v2\/users\/24"}],"replies":[{"embeddable":true,"href":"https:\/\/blogs.laverdad.es\/musicainesperada\/wp-json\/wp\/v2\/comments?post=164"}],"version-history":[{"count":0,"href":"https:\/\/blogs.laverdad.es\/musicainesperada\/wp-json\/wp\/v2\/posts\/164\/revisions"}],"wp:attachment":[{"href":"https:\/\/blogs.laverdad.es\/musicainesperada\/wp-json\/wp\/v2\/media?parent=164"}],"wp:term":[{"taxonomy":"category","embeddable":true,"href":"https:\/\/blogs.laverdad.es\/musicainesperada\/wp-json\/wp\/v2\/categories?post=164"},{"taxonomy":"post_tag","embeddable":true,"href":"https:\/\/blogs.laverdad.es\/musicainesperada\/wp-json\/wp\/v2\/tags?post=164"}],"curies":[{"name":"wp","href":"https:\/\/api.w.org\/{rel}","templated":true}]}}