{"id":168,"date":"2013-07-08T18:42:26","date_gmt":"2013-07-08T18:42:26","guid":{"rendered":"http:\/\/blogs.laverdad.es\/musicainesperada\/?p=168"},"modified":"2013-07-08T18:42:26","modified_gmt":"2013-07-08T18:42:26","slug":"la-nota-misteriosa","status":"publish","type":"post","link":"https:\/\/blogs.laverdad.es\/musicainesperada\/2013\/07\/08\/la-nota-misteriosa\/","title":{"rendered":"La nota misteriosa."},"content":{"rendered":"<p><a href=\"\/musicainesperada\/wp-content\/uploads\/sites\/23\/2013\/07\/bruckner.jpg\"><img loading=\"lazy\" class=\"aligncenter size-medium wp-image-169\" title=\"bruckner\" src=\"\/musicainesperada\/wp-content\/uploads\/sites\/23\/2013\/07\/bruckner.jpg\" alt=\"\" width=\"226\" height=\"300\" srcset=\"https:\/\/static-blogs.laverdad.es\/wp-content\/uploads\/sites\/23\/2013\/07\/bruckner.jpg 453w, https:\/\/static-blogs.laverdad.es\/wp-content\/uploads\/sites\/23\/2013\/07\/bruckner-227x300.jpg 227w\" sizes=\"(max-width: 226px) 100vw, 226px\" \/><\/a><\/p>\n<p>&nbsp;<\/p>\n<p>&nbsp;<\/p>\n<p>Una de las obras con un comienzo m\u00e1s sobrecogedor es la <strong><em>cuarta sinfon\u00eda<\/em><\/strong> de <strong>Anton Bruckner<\/strong> (1824-1896), finalizada el d\u00eda de Santa Cecilia de 1874 y bautizada con el nombre de <em><strong>\u201cRom\u00e1ntica\u201d.<\/strong><\/em> Es la primera sinfon\u00eda que <strong>Bruckner<\/strong> compone en modo mayor (Mi bemol Mayor) y en ella nos muestra su inmensa personalidad como compositor y su maestr\u00eda en el manejo de la tonalidad y sus modulaciones, en el contrapunto, en los temas l\u00edricos y en las progresiones crom\u00e1ticas, lo que hace que sus sinfon\u00edas tengan un sonido \u00fanico. Todo esto lo combina <strong>Bruckner<\/strong> de una manera tan personal que\u00a0<strong>Philip Barfrod<\/strong> dice que <em>\u201clas sinfon\u00edas de Bruckner no son meramente c\u00edclicas, sino el\u00edpticas\u201d.<\/em><\/p>\n<p>La obra no tiene una intenci\u00f3n program\u00e1tica, es decir, no pretende describir nada en concreto. Sin embargo, <strong>Bruckner<\/strong>, en un momento dado y quiz\u00e1s presionado por sus amigos, trata de agradarles y asocia la <em><strong>\u201cRom\u00e1ntica\u201d<\/strong><\/em> con algunas ideas como son: <em>\u201cCiudad medieval \u2013 amanecer \u2013 la llamada de la ma\u00f1ana en las trompas \u2013 los caballos cabalgan por el bosque \u2013 los murmullos del bosque \u2013 etc\u2026\u201d<\/em><\/p>\n<p>El primer movimiento de la <strong>cuarta sinfon\u00eda<\/strong> o <strong><em>\u201cBewegt, nicht zu schnell\u201d<\/em><\/strong> (<em>\u201cVivo, pero no demasiado r\u00e1pido\u201d<\/em>) contiene al menos cinco temas musicales, pero <strong>Joseph Mark Lalumia<\/strong> defiende en su tesis doctoral la presencia de dos motivos fundamentales, a partir de los cuales surgen todos los temas de la sinfon\u00eda.<\/p>\n<p>El primer motivo aparece justo al principio del movimiento (ver v\u00eddeo en 00:01:25) como un solo de la trompa acompa\u00f1ado de un tr\u00e9molo en <em>pianissimo<\/em> de los instrumentos de cuerda. En este motivo aparece la nota que crea todo el misterio. Si escuchan con atenci\u00f3n, la segunda llamada de la trompa <em>\u201cPaaa-Paa-PaP\u00e1aa\u201d<\/em> (00:01:33) es como un eco del comienzo, pero cambia la primera nota Si bemol por un <em><strong>Do bemol<\/strong><\/em>). Esta peque\u00f1a modificaci\u00f3n, sin ninguna duda, confiere a este pasaje musical el halo de misterio y la belleza que me encantar\u00eda que compartieran conmigo.<\/p>\n<p>El segundo motivo aparece a cargo de los instrumentos de viento madera y de los violines (00:02:37 del v\u00eddeo) y contiene un triplete que proporciona el ritmo y la melod\u00eda a un fragmento sinf\u00f3nico de al menos 30 compases de duraci\u00f3n. Es la parte que suena como un <em>\u201cTa &#8211; Ta &#8211; TaTaT\u00e1\u201d.<\/em><\/p>\n<p>A lo largo de la sinfon\u00eda, estos dos motivos reaparecen y sufren numerosas modificaciones que no vamos a analizar.<\/p>\n<p>La versi\u00f3n de la <em><strong>\u201cRom\u00e1ntica\u201d<\/strong><\/em> que adjunto es de la <strong>Filarm\u00f3nica de Viena<\/strong> bajo la batuta de <strong>Claudio Abbado<\/strong>. Aunque el comentario de hoy se centra en los compases iniciales del primer movimiento de la obra, tienen un video con la sinfon\u00eda completa para que puedan disfrutarla en su totalidad.<\/p>\n<p>Espero que sea de su agrado.<\/p>\n<p>&nbsp;<\/p>\n<p><iframe loading=\"lazy\" src=\"\/\/www.youtube.com\/embed\/gcBg-tXn0fs\" frameborder=\"0\" width=\"420\" height=\"315\"><\/iframe><\/p>\n","protected":false},"excerpt":{"rendered":"<p>&nbsp; &nbsp; Una de las obras con un comienzo m\u00e1s sobrecogedor es la cuarta sinfon\u00eda de Anton Bruckner (1824-1896), finalizada el d\u00eda de Santa Cecilia de 1874 y bautizada con el nombre de \u201cRom\u00e1ntica\u201d. Es la primera sinfon\u00eda que Bruckner compone en modo mayor (Mi bemol Mayor) y en ella nos muestra su inmensa personalidad [&hellip;]<\/p>\n","protected":false},"author":24,"featured_media":0,"comment_status":"open","ping_status":"open","sticky":false,"template":"","format":"standard","meta":[],"categories":[12],"tags":[],"_links":{"self":[{"href":"https:\/\/blogs.laverdad.es\/musicainesperada\/wp-json\/wp\/v2\/posts\/168"}],"collection":[{"href":"https:\/\/blogs.laverdad.es\/musicainesperada\/wp-json\/wp\/v2\/posts"}],"about":[{"href":"https:\/\/blogs.laverdad.es\/musicainesperada\/wp-json\/wp\/v2\/types\/post"}],"author":[{"embeddable":true,"href":"https:\/\/blogs.laverdad.es\/musicainesperada\/wp-json\/wp\/v2\/users\/24"}],"replies":[{"embeddable":true,"href":"https:\/\/blogs.laverdad.es\/musicainesperada\/wp-json\/wp\/v2\/comments?post=168"}],"version-history":[{"count":0,"href":"https:\/\/blogs.laverdad.es\/musicainesperada\/wp-json\/wp\/v2\/posts\/168\/revisions"}],"wp:attachment":[{"href":"https:\/\/blogs.laverdad.es\/musicainesperada\/wp-json\/wp\/v2\/media?parent=168"}],"wp:term":[{"taxonomy":"category","embeddable":true,"href":"https:\/\/blogs.laverdad.es\/musicainesperada\/wp-json\/wp\/v2\/categories?post=168"},{"taxonomy":"post_tag","embeddable":true,"href":"https:\/\/blogs.laverdad.es\/musicainesperada\/wp-json\/wp\/v2\/tags?post=168"}],"curies":[{"name":"wp","href":"https:\/\/api.w.org\/{rel}","templated":true}]}}