{"id":1683,"date":"2020-01-12T17:05:43","date_gmt":"2020-01-12T16:05:43","guid":{"rendered":"https:\/\/blogs.laverdad.es\/musicainesperada\/?p=1683"},"modified":"2020-01-12T17:05:43","modified_gmt":"2020-01-12T16:05:43","slug":"lo-inexplicable-de-un-despertar","status":"publish","type":"post","link":"https:\/\/blogs.laverdad.es\/musicainesperada\/2020\/01\/12\/lo-inexplicable-de-un-despertar\/","title":{"rendered":"Lo inexplicable de un despertar"},"content":{"rendered":"<p><a href=\"https:\/\/static-blogs.laverdad.es\/wp-content\/uploads\/sites\/23\/2020\/01\/images-3.jpeg\"><img loading=\"lazy\" class=\"alignright size-full wp-image-1684\" src=\"https:\/\/static-blogs.laverdad.es\/wp-content\/uploads\/sites\/23\/2020\/01\/images-3.jpeg\" alt=\"\" width=\"259\" height=\"194\" \/><\/a><\/p>\n<p>Los compositores sinf\u00f3nicos del Romanticismo irrumpen en el siglo XIX con la enorme carga del legado de <strong>Beethoven<\/strong> pero con la firme propuesta de ofrecer una nueva est\u00e9tica musical. La era rom\u00e1ntica se caracteriza por una m\u00fasica inspirada en la naturaleza, en la poes\u00eda, en la mitolog\u00eda y en los acontecimientos y personajes hist\u00f3ricos. Los compositores van a priorizar la expresi\u00f3n musical de las ideas y de las emociones que no se pueden expresar con palabras. <strong>Heine<\/strong> defendi\u00f3 que si el arte cl\u00e1sico hab\u00eda expresado solo lo finito, el rom\u00e1ntico represent\u00f3 lo infinito y lo espiritual.<\/p>\n<p>Uno de los m\u00fasicos m\u00e1s representativos del Romanticismo fue <strong>Robert Schumann<\/strong> (1810-1856) que ya de ni\u00f1o compon\u00eda m\u00fasica y escribi\u00f3 sus primeras novelas en la juventud. Aunque se interes\u00f3 por los estudios de Derecho, se hizo concertista de piano hasta que una lesi\u00f3n de la mano lo centr\u00f3 en la composici\u00f3n y cr\u00edtica musical. Enamorado de <strong>Clara Wieck<\/strong>, tuvo que vencer una f\u00e9rrea oposici\u00f3n del padre de ella para desposarla. Cuando logr\u00f3 casarse con ella, se convirti\u00f3 en una persona plet\u00f3rica de felicidad y, tras escuchar la <em><strong>Novena Sinfon\u00eda<\/strong><\/em> de <strong>Schubert<\/strong>, se decide a componer su primera sinfon\u00eda.<\/p>\n<p>No deja de sorprender como un compositor de breve piezas de piano hasta ese momento, escribe una sinfon\u00eda tan buena en tan s\u00f3lo cinco semanas. La <em><strong>Primera Sinfon\u00eda<\/strong><\/em> de <strong>Schumann<\/strong> se le conoce con el nombre <em><strong>Primavera<\/strong><\/em> porque su primer movimiento est\u00e1 inspirado en un poema de <strong>Adolf B\u00f6ttger<\/strong>\u00a0que habla del florecimiento propio de esta estaci\u00f3n clim\u00e1tica. El maestro alem\u00e1n que dec\u00eda que nada se puede conseguir sin entusiasmo, en esta partitura refleja su felicidad y anhelo por todo lo vernal.<span class=\"Apple-converted-space\">\u00a0<\/span><\/p>\n<p>En la primera versi\u00f3n de la <em><strong>Primera Sinfon\u00eda<\/strong><\/em>, cada uno de los movimientos ten\u00eda un t\u00edtulo que posteriormente fue eliminado. El <em>Andante poco maestoso. Allegro molto vivace<\/em> inicial fue titulado <em><strong>El despertar de la primavera<\/strong><\/em> por la entrada tan pomposa a cargo de las trompas y trompetas.<\/p>\n<p>El segundo movimiento <em>Larghetto<\/em> es una aut\u00e9ntica efusi\u00f3n de amor de los violines y violonchelos con una clara evocaci\u00f3n a la m\u00fasica de <strong>Beethoven<\/strong> y que <strong>Schumann<\/strong> titul\u00f3 como <strong><em>Atardecer<\/em><\/strong>.<\/p>\n<p>El tercer movimiento sigue la propuesta de <strong>Beethoven<\/strong> de escribirlo en forma de scherzo con tr\u00edo, s\u00f3lo que <strong>Schumann<\/strong> incluye un segundo tr\u00edo y distintas indicaciones de comp\u00e1s.<\/p>\n<p>El \u00faltimo movimiento <em>Allegro animato e grazioso<\/em> recibi\u00f3 el t\u00edtulo de <em><strong>Adi\u00f3s a la primavera<\/strong><\/em> y en \u00e9l anticipa el car\u00e1cter humor\u00edstico que desarrollar\u00e1 posteriormente <strong>Chaikovski<\/strong>. La pieza concluye con la frescura y espontaneidad que caracterizan al joven <strong>Schumann<\/strong>.<\/p>\n<p>Hablar de una sinfon\u00eda del periodo rom\u00e1ntico es un imposible. La m\u00fasica es la \u00fanica que explica lo que no logran las palabras. Por ello les recomiendo el concierto de la <em><strong>OSRM<\/strong><\/em> del pr\u00f3ximo s\u00e1bado en el que la <em><strong>Sinfon\u00eda Primavera<\/strong><\/em> es uno de los platos fuertes, pero no el \u00fanico. El programa estar\u00e1 dirigido por el maestro austr\u00edaco\u00a0<strong>George Mark<\/strong>, un experto de la batuta que sabe transmitir con sabidur\u00eda todo su arte a \u00a0los atriles de la orquesta y por tanto al p\u00fablico. Otro atractivo del concierto es el <em><strong>Concierto para flauta, arpa y orquesta<\/strong><\/em> de <strong>Mozart<\/strong> que ser\u00e1 interpretado por los mejores solistas del instrumento en nuestra regi\u00f3n: el flautista <strong>Juan Antonio Nicol\u00e1s<\/strong> y el arpista <strong>Jos\u00e9 Antonio Domen\u00e9<\/strong>. Completa el programa la obertura <strong><em>Leonora III<\/em><\/strong> de <strong>Beethoven<\/strong>, el maestro del que este a\u00f1o celebramos el 250\u00ba aniversario.<span class=\"Apple-converted-space\">\u00a0<\/span><\/p>\n<p><em><strong>S\u00e1bado 18 de enero, 20h. Auditorio V\u00edctor Villegas. Obras de Beethoven, Mozart y Schumann. Juan Antonio Nicol\u00e1s (flauta), Jos\u00e9 Antonio Domen\u00e9 (arpa) y OSRM. George Mark (director). Entradas entre 9 y 15 euros.<\/strong><\/em><\/p>\n","protected":false},"excerpt":{"rendered":"<p>Los compositores sinf\u00f3nicos del Romanticismo irrumpen en el siglo XIX con la enorme carga del legado de Beethoven pero con la firme propuesta de ofrecer una nueva est\u00e9tica musical. La era rom\u00e1ntica se caracteriza por una m\u00fasica inspirada en la naturaleza, en la poes\u00eda, en la mitolog\u00eda y en los acontecimientos y personajes hist\u00f3ricos. Los [&hellip;]<\/p>\n","protected":false},"author":24,"featured_media":0,"comment_status":"open","ping_status":"open","sticky":false,"template":"","format":"standard","meta":[],"categories":[22,19],"tags":[],"_links":{"self":[{"href":"https:\/\/blogs.laverdad.es\/musicainesperada\/wp-json\/wp\/v2\/posts\/1683"}],"collection":[{"href":"https:\/\/blogs.laverdad.es\/musicainesperada\/wp-json\/wp\/v2\/posts"}],"about":[{"href":"https:\/\/blogs.laverdad.es\/musicainesperada\/wp-json\/wp\/v2\/types\/post"}],"author":[{"embeddable":true,"href":"https:\/\/blogs.laverdad.es\/musicainesperada\/wp-json\/wp\/v2\/users\/24"}],"replies":[{"embeddable":true,"href":"https:\/\/blogs.laverdad.es\/musicainesperada\/wp-json\/wp\/v2\/comments?post=1683"}],"version-history":[{"count":1,"href":"https:\/\/blogs.laverdad.es\/musicainesperada\/wp-json\/wp\/v2\/posts\/1683\/revisions"}],"predecessor-version":[{"id":1685,"href":"https:\/\/blogs.laverdad.es\/musicainesperada\/wp-json\/wp\/v2\/posts\/1683\/revisions\/1685"}],"wp:attachment":[{"href":"https:\/\/blogs.laverdad.es\/musicainesperada\/wp-json\/wp\/v2\/media?parent=1683"}],"wp:term":[{"taxonomy":"category","embeddable":true,"href":"https:\/\/blogs.laverdad.es\/musicainesperada\/wp-json\/wp\/v2\/categories?post=1683"},{"taxonomy":"post_tag","embeddable":true,"href":"https:\/\/blogs.laverdad.es\/musicainesperada\/wp-json\/wp\/v2\/tags?post=1683"}],"curies":[{"name":"wp","href":"https:\/\/api.w.org\/{rel}","templated":true}]}}