{"id":170,"date":"2013-07-11T14:19:30","date_gmt":"2013-07-11T14:19:30","guid":{"rendered":"http:\/\/blogs.laverdad.es\/musicainesperada\/?p=170"},"modified":"2013-07-11T14:19:30","modified_gmt":"2013-07-11T14:19:30","slug":"lactancia-natural-no-materna","status":"publish","type":"post","link":"https:\/\/blogs.laverdad.es\/musicainesperada\/2013\/07\/11\/lactancia-natural-no-materna\/","title":{"rendered":"Lactancia natural no materna."},"content":{"rendered":"<p><a href=\"\/musicainesperada\/wp-content\/uploads\/sites\/23\/2013\/07\/pavarotti-freni.jpg\"><img loading=\"lazy\" class=\"aligncenter size-medium wp-image-171\" title=\"pavarotti freni\" src=\"\/musicainesperada\/wp-content\/uploads\/sites\/23\/2013\/07\/pavarotti-freni.jpg\" alt=\"\" width=\"300\" height=\"197\" srcset=\"https:\/\/static-blogs.laverdad.es\/wp-content\/uploads\/sites\/23\/2013\/07\/pavarotti-freni.jpg 490w, https:\/\/static-blogs.laverdad.es\/wp-content\/uploads\/sites\/23\/2013\/07\/pavarotti-freni-300x197.jpg 300w\" sizes=\"(max-width: 300px) 100vw, 300px\" \/><\/a><\/p>\n<p>&nbsp;<\/p>\n<p>Hoy d\u00eda no hay debate sobre los beneficios que tiene la lactancia natural sobre la artificial. Les traigo la curiosa historia de dos c\u00e9lebres cantantes de \u00f3pera nacidos en 1935 en la ciudad de M\u00f3dena (Italia) que fueron alimentados con la opci\u00f3n A. Las madres de <strong>Mirella Freni y Luciano Pavarotti<\/strong>\u00a0trabajan en la f\u00e1brica de cigarrillos de esta localidad italiana y recurren a la misma nodriza para alimentar a sus respectivos hijos.<\/p>\n<p>A\u00f1os m\u00e1s tarde, este ni\u00f1o y esta ni\u00f1a se convierten en dos excelentes cantantes de \u00f3pera que desarrollan una brillant\u00edsima carrera profesional en los teatros m\u00e1s importantes del mundo. Adem\u00e1s, \u00a0<strong>Luciano y Mirella<\/strong> mantienen durante toda su vida una complicidad especial dentro y fuera de los escenarios que se concreta en divertidas an\u00e9cdotas.<\/p>\n<p><strong>Luciano<\/strong> llama habitualmente &#8220;Nana&#8221; a <strong>Mirella<\/strong> y la rescata con frecuencia del acoso de la prensa cuando ella termina sus actuaciones. <strong>Freni<\/strong>, de manera &#8220;muy original&#8221; llama &#8220;Nano&#8221; a <strong>Pavarotti<\/strong> y en una ocasi\u00f3n se interpone entre \u00e9l y un director de orquesta que se ha equivocado en el foso minutos antes.<\/p>\n<p>Pero si hay que hablar de qu\u00edmica entre la soprano y el tenor, tenemos que trasladarnos a <strong><em>&#8220;La Boh\u00e8me<\/em><\/strong>&#8221; de Puccini de 1973 con<span style=\"font-size: 13px;\"><strong>\u00a0Mirella Freni<\/strong> como Mim\u00ed, <strong>Luciano Pavarotti<\/strong> como Rodolfo y Rolando Panerai como Marcelo. Los acompa\u00f1a la Filarm\u00f3nica de Berl\u00edn y dirige Karajan.<\/span><span style=\"font-size: 13px;\">\u00a0Esta grabaci\u00f3n de DECCA est\u00e1 considerada como la referencia absoluta de esta magn\u00edfica \u00f3pera.<\/span><\/p>\n<p><strong>Mirella<\/strong> comenta en una ocasi\u00f3n que <em>&#8220;dados los resultados posteriores de crecimiento, yo bajita y Luciano tan grandote, pueden hacerse una idea de quien consigui\u00f3 sacar m\u00e1s provecho de la nodriza&#8221;.<\/em><\/p>\n<p>Para que puedan juzgar si la se\u00f1ora de M\u00f3dena repart\u00edo nutrientes de forma equitativa, del dejo esta grabaci\u00f3n de <em><strong>&#8220;La Boh\u00e9me&#8221;<\/strong><\/em> de 1990 en la \u00f3pera de San Francisco.<\/p>\n<p><iframe loading=\"lazy\" src=\"\/\/www.youtube.com\/embed\/t0-1sQ0XOGE\" frameborder=\"0\" width=\"420\" height=\"315\"><\/iframe><\/p>\n","protected":false},"excerpt":{"rendered":"<p>&nbsp; Hoy d\u00eda no hay debate sobre los beneficios que tiene la lactancia natural sobre la artificial. Les traigo la curiosa historia de dos c\u00e9lebres cantantes de \u00f3pera nacidos en 1935 en la ciudad de M\u00f3dena (Italia) que fueron alimentados con la opci\u00f3n A. Las madres de Mirella Freni y Luciano Pavarotti\u00a0trabajan en la f\u00e1brica [&hellip;]<\/p>\n","protected":false},"author":24,"featured_media":0,"comment_status":"open","ping_status":"open","sticky":false,"template":"","format":"standard","meta":[],"categories":[12],"tags":[],"_links":{"self":[{"href":"https:\/\/blogs.laverdad.es\/musicainesperada\/wp-json\/wp\/v2\/posts\/170"}],"collection":[{"href":"https:\/\/blogs.laverdad.es\/musicainesperada\/wp-json\/wp\/v2\/posts"}],"about":[{"href":"https:\/\/blogs.laverdad.es\/musicainesperada\/wp-json\/wp\/v2\/types\/post"}],"author":[{"embeddable":true,"href":"https:\/\/blogs.laverdad.es\/musicainesperada\/wp-json\/wp\/v2\/users\/24"}],"replies":[{"embeddable":true,"href":"https:\/\/blogs.laverdad.es\/musicainesperada\/wp-json\/wp\/v2\/comments?post=170"}],"version-history":[{"count":0,"href":"https:\/\/blogs.laverdad.es\/musicainesperada\/wp-json\/wp\/v2\/posts\/170\/revisions"}],"wp:attachment":[{"href":"https:\/\/blogs.laverdad.es\/musicainesperada\/wp-json\/wp\/v2\/media?parent=170"}],"wp:term":[{"taxonomy":"category","embeddable":true,"href":"https:\/\/blogs.laverdad.es\/musicainesperada\/wp-json\/wp\/v2\/categories?post=170"},{"taxonomy":"post_tag","embeddable":true,"href":"https:\/\/blogs.laverdad.es\/musicainesperada\/wp-json\/wp\/v2\/tags?post=170"}],"curies":[{"name":"wp","href":"https:\/\/api.w.org\/{rel}","templated":true}]}}