{"id":172,"date":"2013-07-15T20:37:50","date_gmt":"2013-07-15T20:37:50","guid":{"rendered":"http:\/\/blogs.laverdad.es\/musicainesperada\/?p=172"},"modified":"2013-07-15T20:37:50","modified_gmt":"2013-07-15T20:37:50","slug":"la-tos-del-joven-federico","status":"publish","type":"post","link":"https:\/\/blogs.laverdad.es\/musicainesperada\/2013\/07\/15\/la-tos-del-joven-federico\/","title":{"rendered":"La tos del joven Federico."},"content":{"rendered":"<p><a href=\"\/musicainesperada\/wp-content\/uploads\/sites\/23\/2013\/07\/Chopin-TBC.png\"><img loading=\"lazy\" class=\"aligncenter size-medium wp-image-173\" title=\"Chopin TBC\" src=\"\/musicainesperada\/wp-content\/uploads\/sites\/23\/2013\/07\/Chopin-TBC.png\" alt=\"\" width=\"230\" height=\"300\" srcset=\"https:\/\/static-blogs.laverdad.es\/wp-content\/uploads\/sites\/23\/2013\/07\/Chopin-TBC.png 587w, https:\/\/static-blogs.laverdad.es\/wp-content\/uploads\/sites\/23\/2013\/07\/Chopin-TBC-230x300.png 230w\" sizes=\"(max-width: 230px) 100vw, 230px\" \/><\/a><\/p>\n<p>&nbsp;<\/p>\n<p>En un blog previo, comento lo distinta que era la vida en la \u00e9poca preantibi\u00f3tica. La tuberculosis es una de las enfermedades m\u00e1s \u201crom\u00e1nticas\u201d por ser la infecci\u00f3n vinculada a existencias llenas de penurias y la especial sensibilidad art\u00edtistica de algunos de los grandes poetas y m\u00fasicos del siglo XIX.<\/p>\n<p>Uno de los m\u00fasicos que se considera v\u00edctima de la tuberculosis es <strong>Fr\u00e9d\u00e9ric Chopin<\/strong> (1810-1849) y no son pocos los music\u00f3logos que ven reflejada su larga enfermedad en la delicadeza y turbulencia de sus composiciones.<\/p>\n<p>Sin embargo, tras consultar los trabajos de los doctores <strong>Kubba y Young<\/strong> publicados en 1998 en la revista <strong><em>Chest<\/em><\/strong> y la revisi\u00f3n del doctor <strong>Sartin<\/strong> en la edici\u00f3n de 2010 de <strong><em>Clinical Medicine &#038; Research<\/em><\/strong>, no est\u00e1 tan claro de <strong>Chopin<\/strong> padeciese dicha enfermedad.<\/p>\n<p>Si repasamos los antecedentes familiares de <strong>Chopin<\/strong>, s\u00f3lo llama la atenci\u00f3n la muerte a los 14 a\u00f1os de su hermana<strong> Emilia<\/strong>, tras una hemorragia gastrointestinal masiva. Sus padres y su hermana <strong>Isabella<\/strong>, fallecen con m\u00e1s de 70 a\u00f1os y su hermana <strong>Ludwika<\/strong> a los 47.<\/p>\n<p>La tos de <strong>Federico<\/strong> comienza en la adolescencia y le acompa\u00f1a durante el resto de su vida.<strong> Chopin<\/strong> desde siempre refiere dificultad para respirar, intolerancia al esfuerzo, esputos con sangre, palidez y molestias gastrointestinales. Adem\u00e1s su patolog\u00eda pulmonar precoz y cr\u00f3nica repercute en su crecimiento, le inflama las articulaciones de las piernas y, probablemente, explica su esterilidad.<\/p>\n<p>En 1837 se traslada con su cari\u00f1osa amiga y protectora <strong>George Sand<\/strong> a la isla de Mallorca. Los lugare\u00f1os, seguros de que tiene una enfermedad contagiosa e incurable, obligan al alcalde a quemar sus muebles, a desinfectar su casa y a trasladarlos a la <strong><em>Cartuja de Valldemosa<\/em><\/strong>. All\u00ed alquilan una celda con piano donde pasan el famoso invierno entre 18238 y 1839 sin mejor\u00eda en suestado de salud. Ella comenta en una carta las enormes dificultades de dar con una dieta que evite indigestiones y diarreas al m\u00fasico.<\/p>\n<p>Ya en Par\u00eds y separado de George Sand, consulta al c\u00e9lebre <strong>doctor Cruvelhier<\/strong> que le recomienda reposo y solicita la opini\u00f3n del <strong>doctor Blacke<\/strong>, un eminente pediatra. Ante esto,\u00a0<strong>Fr\u00e9d\u00e9ric<\/strong> escribe: <em>\u201c\u00c9l me ayudar\u00e1 m\u00e1s, ya que en mi hay algo infantil\u201d.<\/em><\/p>\n<p>El hecho de que <strong>Chopin<\/strong> no contagia la supuesta tuberculosis a sus \u00edntimos como son George Sand y los hijos de \u00e9sta y que la autopsia del doctor Cruveilhier no es concluyente de que padezca esta patolog\u00eda, hace pensar en otras posibles enfermedades.<\/p>\n<p>Seg\u00fan los doctores <strong>Kubba y Young<\/strong>, los s\u00edntomas que padece el compositor orientan a enfermedades como la <strong><em>Fibrosis Qu\u00edstica<\/em><\/strong> u otra patolog\u00eda pulmonar hereditaria (<em><strong>d\u00e9ficit de \u03b1-1 antitripsina<\/strong><\/em>), que encajan con una afecci\u00f3n pulmonar junto con s\u00edntomas gastrointestinales de larga evoluci\u00f3n y adem\u00e1s nos explican la que le ocurri\u00f3 a la joven hermana.<\/p>\n<p><strong>Chopin<\/strong> fallece a los 39 a\u00f1os en Par\u00eds. Pocos d\u00edas antes, escribe sobre su temor a ser enterrado vivo y pide que se interprete el <strong><em>Requiem<\/em><\/strong> de <strong>Mozart<\/strong> en su funeral. Entierran su cuerpo en el <strong><em>cementerio de P\u00e8re Lachais<\/em><\/strong>e y su coraz\u00f3n se deposita en la <em><strong>iglesia de la Santa Cruz de Varsovia<\/strong><\/em>.<\/p>\n<p>Con tuberculosis o sin ella, este m\u00fasico aporta tal dosis de sentimiento al Romanticismo que nos cautiva toda la m\u00fasica contenida en sus estudios de piano, preludios, mazurcas, conciertos, sonatas, nocturnos y conciertos, entre otras composiciones.<\/p>\n<p>Les dejo con una grabaci\u00f3n del <strong><em>Nocturno n\u00ba 9, Op. 32 n\u00ba 1.<\/em><\/strong><\/p>\n<p>\u00a1Por supuesto, sin ning\u00fan golpe de tos!<\/p>\n<p>&nbsp;<\/p>\n<p><iframe loading=\"lazy\" src=\"\/\/www.youtube.com\/embed\/GF7UTLjubJA\" frameborder=\"0\" width=\"420\" height=\"315\"><\/iframe><\/p>\n","protected":false},"excerpt":{"rendered":"<p>&nbsp; En un blog previo, comento lo distinta que era la vida en la \u00e9poca preantibi\u00f3tica. La tuberculosis es una de las enfermedades m\u00e1s \u201crom\u00e1nticas\u201d por ser la infecci\u00f3n vinculada a existencias llenas de penurias y la especial sensibilidad art\u00edtistica de algunos de los grandes poetas y m\u00fasicos del siglo XIX. Uno de los m\u00fasicos [&hellip;]<\/p>\n","protected":false},"author":24,"featured_media":0,"comment_status":"open","ping_status":"open","sticky":false,"template":"","format":"standard","meta":[],"categories":[13],"tags":[],"_links":{"self":[{"href":"https:\/\/blogs.laverdad.es\/musicainesperada\/wp-json\/wp\/v2\/posts\/172"}],"collection":[{"href":"https:\/\/blogs.laverdad.es\/musicainesperada\/wp-json\/wp\/v2\/posts"}],"about":[{"href":"https:\/\/blogs.laverdad.es\/musicainesperada\/wp-json\/wp\/v2\/types\/post"}],"author":[{"embeddable":true,"href":"https:\/\/blogs.laverdad.es\/musicainesperada\/wp-json\/wp\/v2\/users\/24"}],"replies":[{"embeddable":true,"href":"https:\/\/blogs.laverdad.es\/musicainesperada\/wp-json\/wp\/v2\/comments?post=172"}],"version-history":[{"count":0,"href":"https:\/\/blogs.laverdad.es\/musicainesperada\/wp-json\/wp\/v2\/posts\/172\/revisions"}],"wp:attachment":[{"href":"https:\/\/blogs.laverdad.es\/musicainesperada\/wp-json\/wp\/v2\/media?parent=172"}],"wp:term":[{"taxonomy":"category","embeddable":true,"href":"https:\/\/blogs.laverdad.es\/musicainesperada\/wp-json\/wp\/v2\/categories?post=172"},{"taxonomy":"post_tag","embeddable":true,"href":"https:\/\/blogs.laverdad.es\/musicainesperada\/wp-json\/wp\/v2\/tags?post=172"}],"curies":[{"name":"wp","href":"https:\/\/api.w.org\/{rel}","templated":true}]}}