{"id":176,"date":"2013-07-22T11:49:35","date_gmt":"2013-07-22T11:49:35","guid":{"rendered":"http:\/\/blogs.laverdad.es\/musicainesperada\/?p=176"},"modified":"2013-07-22T11:49:35","modified_gmt":"2013-07-22T11:49:35","slug":"perpectivas-en-3d","status":"publish","type":"post","link":"https:\/\/blogs.laverdad.es\/musicainesperada\/2013\/07\/22\/perpectivas-en-3d\/","title":{"rendered":"Perspectivas en 3D."},"content":{"rendered":"<p><a href=\"\/musicainesperada\/wp-content\/uploads\/sites\/23\/2013\/07\/portada-CD.jpg\"><img loading=\"lazy\" class=\"aligncenter size-full wp-image-177\" title=\"portada CD\" src=\"\/musicainesperada\/wp-content\/uploads\/sites\/23\/2013\/07\/portada-CD.jpg\" alt=\"\" width=\"800\" height=\"800\" srcset=\"https:\/\/static-blogs.laverdad.es\/wp-content\/uploads\/sites\/23\/2013\/07\/portada-CD.jpg 800w, https:\/\/static-blogs.laverdad.es\/wp-content\/uploads\/sites\/23\/2013\/07\/portada-CD-150x150.jpg 150w, https:\/\/static-blogs.laverdad.es\/wp-content\/uploads\/sites\/23\/2013\/07\/portada-CD-300x300.jpg 300w, https:\/\/static-blogs.laverdad.es\/wp-content\/uploads\/sites\/23\/2013\/07\/portada-CD-768x768.jpg 768w\" sizes=\"(max-width: 800px) 100vw, 800px\" \/><\/a><\/p>\n<p>Desde siempre, tengo la buena costumbre de comprar m\u00fasica \u2013 un disco o una partitura- en el d\u00eda mi cumplea\u00f1os, en San Carlos y al final del curso acad\u00e9mico. As\u00ed, me aseguro que voy a \u201crecibir\u201d un regalo muy de mi gusto, aunque reconozco que los que rodean cuidan con mucho mimo estos detalles.<\/p>\n<p>Recientemente, he recibido un inesperado premio fin de curso. Mi buen amigo <strong>Lorenzo Meseguer,<\/strong> violonchelista de la <strong><em>Universit\u00e4t Mozarteum de Salzburgo<\/em><\/strong>, me ha honrado de forma muy especial al enviarme una copia en disco compacto de su grabaci\u00f3n de trabajo fin de m\u00e1ster.<\/p>\n<p><strong>Lorenzo<\/strong> es definitivamente un chelista de \u00e9lite. El joven m\u00fasico murciano formado en Murcia y Madrid con las m\u00e1ximas calificaciones y que completa estudios de violonchelo en el c\u00e9lebre <strong><em>Mozarteum<\/em><\/strong>, tiene una agenda de trabajo para el pr\u00f3ximo trimestre repleta de conciertos en Europa, Norteam\u00e9rica, Oriente Pr\u00f3ximo y Asia.<\/p>\n<p>El \u00faltimo trabajo de <strong>Lorenzo<\/strong> se titula <strong><em>\u201cPerspectiven, Perpectives, Perspekt\u00edv\u00e1k\u201d<\/em><\/strong> porque, seg\u00fan este int\u00e9rprete, <em>\u201crefleja como cada compositor forma parte de una cultura y una lengua propia, lo que influye en su lenguaje musical\u201d.<\/em><\/p>\n<p>Este es un aspecto muy interesante de la m\u00fasica en general. Este lenguaje universal, en cada pa\u00eds y en cada regi\u00f3n tiene una forma de expresi\u00f3n musical muy marcada por la prosodia del propia lengua materna del compositor. Si escuchan las obras del m\u00fasico finland\u00e9s <strong>Jean Sibelius<\/strong>, apreciar\u00e1n muy bien este fen\u00f3meno.<\/p>\n<p>El compact disc de<strong> Meseguer<\/strong> contiene obras del alem\u00e1n <strong>Max Reger<\/strong> (1873-1916), del belga <strong>Eug\u00e9ne Ysa\u00ffe<\/strong> (1858-1931) y del compositor h\u00fangaro <strong>Gy\u00f6rgy Ligeti<\/strong> (1923-2006). La grabaci\u00f3n, llevada a cabo en el <em><strong>Mozarteum<\/strong><\/em> el 10 de junio de 2013, es de exquisita calidad tanto en lo musical como en los aspectos t\u00e9cnicos.<\/p>\n<p><strong>Lorenzo<\/strong> explica que <em>\u201cla primera obra es una transcripci\u00f3n para chelo solo de la Suite para Viola de Reger donde la versatilidad del violonchelo resalta la belleza de la composici\u00f3n. La sonata para Cello solo de Ysa\u00ffe\u00a0 contiene mucha fuerza sonora, mel\u00f3dica y arm\u00f3nica. Finalmente, la Sonata para Cello de Ligeti tiene influencias de Kod\u00e1ly y Bartok y, como las obras anteriores, exige gran virtuosismo por parte del int\u00e9rprete\u201d<\/em>.<\/p>\n<p><span style=\"font-size: 13px;\">Le he pedido a <\/span><strong style=\"font-size: 13px;\">Lorenzo<\/strong><span style=\"font-size: 13px;\"> que comparta un fragmento de su trabajo con ustedes y hemos elegido el <\/span><strong style=\"font-size: 13px;\"><em>Intermezzo<\/em><\/strong><span style=\"font-size: 13px;\"> de la <\/span><strong style=\"font-size: 13px;\"><em>Sonata de Chelo Op. 28<\/em><\/strong><span style=\"font-size: 13px;\"> de <\/span><strong style=\"font-size: 13px;\">Ysa\u00ffe<\/strong><span style=\"font-size: 13px;\">. Estoy seguro que entender\u00e1n por qu\u00e9 incluyo esta grabaci\u00f3n en la categor\u00eda del blog <\/span><strong style=\"font-size: 13px;\"><em>\u201coro molido\u201d.<\/em><\/strong><span style=\"font-size: 13px;\">\u00a0\u00a0<\/span><\/p>\n<p><a href=\"https:\/\/soundcloud.com\/user837inesperado\/ysaye-intermezzo\">https:\/\/soundcloud.com\/user837inesperado\/ysaye-intermezzo<\/a><\/p>\n<p>&nbsp;<\/p>\n<p>&nbsp;<\/p>\n<p>&nbsp;<\/p>\n","protected":false},"excerpt":{"rendered":"<p>Desde siempre, tengo la buena costumbre de comprar m\u00fasica \u2013 un disco o una partitura- en el d\u00eda mi cumplea\u00f1os, en San Carlos y al final del curso acad\u00e9mico. As\u00ed, me aseguro que voy a \u201crecibir\u201d un regalo muy de mi gusto, aunque reconozco que los que rodean cuidan con mucho mimo estos detalles. Recientemente, [&hellip;]<\/p>\n","protected":false},"author":24,"featured_media":0,"comment_status":"open","ping_status":"open","sticky":false,"template":"","format":"standard","meta":[],"categories":[12],"tags":[],"_links":{"self":[{"href":"https:\/\/blogs.laverdad.es\/musicainesperada\/wp-json\/wp\/v2\/posts\/176"}],"collection":[{"href":"https:\/\/blogs.laverdad.es\/musicainesperada\/wp-json\/wp\/v2\/posts"}],"about":[{"href":"https:\/\/blogs.laverdad.es\/musicainesperada\/wp-json\/wp\/v2\/types\/post"}],"author":[{"embeddable":true,"href":"https:\/\/blogs.laverdad.es\/musicainesperada\/wp-json\/wp\/v2\/users\/24"}],"replies":[{"embeddable":true,"href":"https:\/\/blogs.laverdad.es\/musicainesperada\/wp-json\/wp\/v2\/comments?post=176"}],"version-history":[{"count":0,"href":"https:\/\/blogs.laverdad.es\/musicainesperada\/wp-json\/wp\/v2\/posts\/176\/revisions"}],"wp:attachment":[{"href":"https:\/\/blogs.laverdad.es\/musicainesperada\/wp-json\/wp\/v2\/media?parent=176"}],"wp:term":[{"taxonomy":"category","embeddable":true,"href":"https:\/\/blogs.laverdad.es\/musicainesperada\/wp-json\/wp\/v2\/categories?post=176"},{"taxonomy":"post_tag","embeddable":true,"href":"https:\/\/blogs.laverdad.es\/musicainesperada\/wp-json\/wp\/v2\/tags?post=176"}],"curies":[{"name":"wp","href":"https:\/\/api.w.org\/{rel}","templated":true}]}}