{"id":18,"date":"2013-01-26T18:41:07","date_gmt":"2013-01-26T18:41:07","guid":{"rendered":"http:\/\/blogs.laverdad.es\/musicainesperada\/?p=18"},"modified":"2013-01-26T18:41:07","modified_gmt":"2013-01-26T18:41:07","slug":"los-suenos-de-don-ricardo-el-poder-de-la-musica","status":"publish","type":"post","link":"https:\/\/blogs.laverdad.es\/musicainesperada\/2013\/01\/26\/los-suenos-de-don-ricardo-el-poder-de-la-musica\/","title":{"rendered":"Los &#8220;Sue\u00f1os&#8221; de Don Ricardo: el poder de la m\u00fasica."},"content":{"rendered":"<p>&nbsp;<\/p>\n<p>La primera obra que les comento con motivo del bicentenario del nacimiento de Richard Wagner es \u201c<em>Tr\u00e4ume<\/em>\u201d un bello <em>Lied<\/em> (canci\u00f3n) que pertenece al ciclo de los cinco que compone entre 1857 y 1858 para voz y piano basados en textos de Mathilde Wessendonk, dama por la que siente una pasi\u00f3n arrebatada. En esta pieza se identifica un <em>Leitmotiv<\/em> (tema musical asociado a una idea) cuando la soprano pronuncia la palabra \u201cTr\u00e4ume\u201d (sue\u00f1os). Los <em>Lieder<\/em> se caracterizan por la estrecha relaci\u00f3n entre m\u00fasica y palabra, y as\u00ed, se expresa y matiza lo que el texto no puede por s\u00ed solo. \u201c<em>Tr\u00e4ume<\/em>\u201d es orquestada m\u00e1s tarde por el mismo Don Ricardo para interpretarla con una peque\u00f1a orquesta bajo la ventana el d\u00eda del cumplea\u00f1os de su amada.<\/p>\n<p>En esta \u00e9poca, Wagner compone el drama esc\u00e9nico \u201c<em>Tristan und Isolde<\/em>\u201d y este Lied contiene la esencia, la armon\u00eda y el cromatismo de esta \u00f3pera, como se aprecia en el d\u00fao del segundo acto \u201c<em>O sink hernieder, Nacht der Liebe\u201d (\u201cOh! Desciende, noche de amor<\/em>\u201d) donde el clima l\u00edrico del ensue\u00f1o de amor y del himno a la noche es conmovedor.<\/p>\n<p>La versi\u00f3n discogr\u00e1fica de referencia de \u201c<em>Tr\u00e4ume<\/em>\u201d es la de Kirsten Flagstad (soprano) y Gerald Moore (piano) de 1948 en sonido mono. En la actualidad, Nina Stemme es una cantante wagneriana de alt\u00edsimo nivel, por lo que les\u00a0sugiero\u00a0primero esta versi\u00f3n con mejor sonido que la de hace 65 a\u00f1os.<iframe loading=\"lazy\" src=\"\/\/www.youtube.com\/embed\/D0_zkd6UpJQ\" frameborder=\"0\" width=\"420\" height=\"315\"><\/iframe><\/p>\n","protected":false},"excerpt":{"rendered":"<p>&nbsp; La primera obra que les comento con motivo del bicentenario del nacimiento de Richard Wagner es \u201cTr\u00e4ume\u201d un bello Lied (canci\u00f3n) que pertenece al ciclo de los cinco que compone entre 1857 y 1858 para voz y piano basados en textos de Mathilde Wessendonk, dama por la que siente una pasi\u00f3n arrebatada. En esta [&hellip;]<\/p>\n","protected":false},"author":24,"featured_media":0,"comment_status":"open","ping_status":"closed","sticky":false,"template":"","format":"standard","meta":[],"categories":[3],"tags":[],"_links":{"self":[{"href":"https:\/\/blogs.laverdad.es\/musicainesperada\/wp-json\/wp\/v2\/posts\/18"}],"collection":[{"href":"https:\/\/blogs.laverdad.es\/musicainesperada\/wp-json\/wp\/v2\/posts"}],"about":[{"href":"https:\/\/blogs.laverdad.es\/musicainesperada\/wp-json\/wp\/v2\/types\/post"}],"author":[{"embeddable":true,"href":"https:\/\/blogs.laverdad.es\/musicainesperada\/wp-json\/wp\/v2\/users\/24"}],"replies":[{"embeddable":true,"href":"https:\/\/blogs.laverdad.es\/musicainesperada\/wp-json\/wp\/v2\/comments?post=18"}],"version-history":[{"count":0,"href":"https:\/\/blogs.laverdad.es\/musicainesperada\/wp-json\/wp\/v2\/posts\/18\/revisions"}],"wp:attachment":[{"href":"https:\/\/blogs.laverdad.es\/musicainesperada\/wp-json\/wp\/v2\/media?parent=18"}],"wp:term":[{"taxonomy":"category","embeddable":true,"href":"https:\/\/blogs.laverdad.es\/musicainesperada\/wp-json\/wp\/v2\/categories?post=18"},{"taxonomy":"post_tag","embeddable":true,"href":"https:\/\/blogs.laverdad.es\/musicainesperada\/wp-json\/wp\/v2\/tags?post=18"}],"curies":[{"name":"wp","href":"https:\/\/api.w.org\/{rel}","templated":true}]}}