{"id":181,"date":"2013-08-07T20:12:51","date_gmt":"2013-08-07T20:12:51","guid":{"rendered":"http:\/\/blogs.laverdad.es\/musicainesperada\/?p=181"},"modified":"2013-08-07T20:12:51","modified_gmt":"2013-08-07T20:12:51","slug":"eterna-nostalgia","status":"publish","type":"post","link":"https:\/\/blogs.laverdad.es\/musicainesperada\/2013\/08\/07\/eterna-nostalgia\/","title":{"rendered":"Eterna nostalgia."},"content":{"rendered":"<p>Una de las obras m\u00e1s interesantes escritas por <strong>Gustav Mahler<\/strong> (1860-1911) es \u201c<em><strong>La canci\u00f3n de la tierra<\/strong><\/em>\u201d que es, en palabras del m\u00fasico, \u201c<em>lo m\u00e1s personal que he hecho hasta ahora\u201d.<\/em><\/p>\n<p>Los expertos no se ponen de acuerdo sobre el verdadero sentido de esta pieza musical. En el momento de su composici\u00f3n,<strong> Mahler<\/strong> es una persona con graves problemas familiares, profesionales y de salud, como vimos en otro blog. En <em><strong>\u201cLa canci\u00f3n de la tierra\u201d<\/strong><\/em> expresa ideas sobre lo ef\u00edmera que es la existencia y afloran sus sentimientos de nostalgia sobre la juventud y la belleza.<\/p>\n<p>Por otra parte, el lenguaje musical que emplea <strong>Mahler<\/strong>, traduce un car\u00e1cter vital y una intuici\u00f3n sobre el futuro plagada de aspectos novedosos muy destacables. Puede que el que escuche la obra por primera vez, tenga cierta dificultad de asimilar todo lo que propone <strong>Mahler<\/strong>. El compositor nos introduce a la vez en la atonalidad, en el dodecafonismo y en el expresionismo musical y, de paso, deja una impronta en las sucesivas generaciones de m\u00fasicos que surgir\u00e1n posteriormente.<\/p>\n<p>Desde el punto de vista po\u00e9tico, <strong><em>\u201cLa canci\u00f3n de la tierra\u201d<\/em><\/strong> no es menos apasionante. <strong>Mahler<\/strong> siente una angustia vital por el dolor de la nostalgia, pero no est\u00e1 desesperado. La resignaci\u00f3n ante la muerte va acompa\u00f1ada de un deseo por perdurar m\u00e1s all\u00e1 de su propia existencia (sin duda, el legado de su obra). Su situaci\u00f3n personal la identifica en los antiguos poemas orientales contenidos en la colecci\u00f3n \u201c<em>La flauta china\u201d<\/em> y traducidos alem\u00e1n por el poeta<strong> Hans Bethge<\/strong>.<\/p>\n<p>Les animo a escuchar esta obra en su totalidad, siguiendo los textos de las bellas estrofas que contiene. Como adelanto, les dejo con el \u00faltimo movimiento de esta \u201cLied-sinfon\u00eda\u201d titulado \u201cLa despedida\u201d, donde <strong>Mahler<\/strong> inserta dos poemas distintos, uno de <strong>Mong-Kao-Yen<\/strong> y otro de <strong>Wang-Wei<\/strong>, que modifica en algunos aspectos y les a\u00f1ade versos de su cosecha al final. En este movimiento conclusivo destacan el cambio de car\u00e1cter de la m\u00fasica en cada una de las estrofas cantadas, el excelente fragmento sinf\u00f3nico intercalado entre los poemas \u00a0y el emotivo final que se extingue poco a poco a medida que se repite la palabra \u201cewig\u201d (\u201ceternamente\u201d) con el sonido del arpa y la celesta.<\/p>\n<p>Los versos que a\u00f1ade <strong>Mahler<\/strong> dicen <em>\u201c\u00a1La amada tierra florece por todas partes en primavera y reverdece de nuevo! \u00a1Por todas partes y eternamente brillan luces azules en el horizonte! Eternamente\u2026 eternamente\u2026 eternamente\u2026<\/em><\/p>\n<p><iframe loading=\"lazy\" src=\"\/\/www.youtube.com\/embed\/yUgEd2oTs80\" frameborder=\"0\" width=\"560\" height=\"315\"><\/iframe><\/p>\n","protected":false},"excerpt":{"rendered":"<p>Una de las obras m\u00e1s interesantes escritas por Gustav Mahler (1860-1911) es \u201cLa canci\u00f3n de la tierra\u201d que es, en palabras del m\u00fasico, \u201clo m\u00e1s personal que he hecho hasta ahora\u201d. Los expertos no se ponen de acuerdo sobre el verdadero sentido de esta pieza musical. En el momento de su composici\u00f3n, Mahler es una [&hellip;]<\/p>\n","protected":false},"author":24,"featured_media":0,"comment_status":"open","ping_status":"open","sticky":false,"template":"","format":"standard","meta":[],"categories":[12],"tags":[],"_links":{"self":[{"href":"https:\/\/blogs.laverdad.es\/musicainesperada\/wp-json\/wp\/v2\/posts\/181"}],"collection":[{"href":"https:\/\/blogs.laverdad.es\/musicainesperada\/wp-json\/wp\/v2\/posts"}],"about":[{"href":"https:\/\/blogs.laverdad.es\/musicainesperada\/wp-json\/wp\/v2\/types\/post"}],"author":[{"embeddable":true,"href":"https:\/\/blogs.laverdad.es\/musicainesperada\/wp-json\/wp\/v2\/users\/24"}],"replies":[{"embeddable":true,"href":"https:\/\/blogs.laverdad.es\/musicainesperada\/wp-json\/wp\/v2\/comments?post=181"}],"version-history":[{"count":0,"href":"https:\/\/blogs.laverdad.es\/musicainesperada\/wp-json\/wp\/v2\/posts\/181\/revisions"}],"wp:attachment":[{"href":"https:\/\/blogs.laverdad.es\/musicainesperada\/wp-json\/wp\/v2\/media?parent=181"}],"wp:term":[{"taxonomy":"category","embeddable":true,"href":"https:\/\/blogs.laverdad.es\/musicainesperada\/wp-json\/wp\/v2\/categories?post=181"},{"taxonomy":"post_tag","embeddable":true,"href":"https:\/\/blogs.laverdad.es\/musicainesperada\/wp-json\/wp\/v2\/tags?post=181"}],"curies":[{"name":"wp","href":"https:\/\/api.w.org\/{rel}","templated":true}]}}