{"id":184,"date":"2013-08-20T20:36:22","date_gmt":"2013-08-20T20:36:22","guid":{"rendered":"http:\/\/blogs.laverdad.es\/musicainesperada\/?p=184"},"modified":"2013-08-20T20:36:22","modified_gmt":"2013-08-20T20:36:22","slug":"el-pentagono-dorado","status":"publish","type":"post","link":"https:\/\/blogs.laverdad.es\/musicainesperada\/2013\/08\/20\/el-pentagono-dorado\/","title":{"rendered":"El pent\u00e1gono dorado."},"content":{"rendered":"<p>&nbsp;<\/p>\n<p>Uno de los edificios m\u00e1s singulares de la capital de Alemania es el de la <strong>Philharmonie<\/strong>, sede de la <strong>Orquesta Filarm\u00f3nica de Berl\u00edn<\/strong>. Entre 1956 y 1963, siendo <strong>Herbert von Karajan<\/strong> director de la c\u00e9lebre formaci\u00f3n, se construye la llamativa sala dise\u00f1ada por <strong>Hans Scharoun<\/strong>, el arquitecto \u201cde las mil apariencias\u201d.<\/p>\n<p><strong>Scharoun<\/strong> es un mago en el tratamiento de los espacios y lo demuestra tanto en el vest\u00edbulo, como en la sala y el exterior de la <strong>Phiharmonie<\/strong>.<\/p>\n<p>El iluminado vest\u00edbulo que recibe y re\u00fane al p\u00fablico, inmediatamente lo dispersa por las diferentes escaleras, pasillos y galer\u00edas que se entrelazan multiplicando el n\u00famero de accesos a la sala. Esta forma de concebir la arquitectura hace que los espacios y las gentes aparezcan tras esconderse con absoluta complicidad. El movimiento de personas se apodera del espacio y las prisas para acceder al espect\u00e1culo contrastan con la calma reinante en la sala de conciertos. Estas mismas escaleras y galer\u00edas tambi\u00e9n se convierten, en un momento dado, en balcones para asomarse al interior del vest\u00edbulo.<\/p>\n<p><a href=\"\/musicainesperada\/wp-content\/uploads\/sites\/23\/2013\/08\/interior-vestibulo.jpg\"><img loading=\"lazy\" class=\"aligncenter size-full wp-image-185\" title=\"interior vestibulo\" src=\"\/musicainesperada\/wp-content\/uploads\/sites\/23\/2013\/08\/interior-vestibulo.jpg\" alt=\"\" width=\"720\" height=\"478\" srcset=\"https:\/\/static-blogs.laverdad.es\/wp-content\/uploads\/sites\/23\/2013\/08\/interior-vestibulo.jpg 720w, https:\/\/static-blogs.laverdad.es\/wp-content\/uploads\/sites\/23\/2013\/08\/interior-vestibulo-300x199.jpg 300w\" sizes=\"(max-width: 720px) 100vw, 720px\" \/><\/a><\/p>\n<p>&nbsp;<\/p>\n<p>Por tanto, <strong>Scharoun<\/strong> crea deliberadamente grupos reducidos de personas que acceden a espacios suspendidos en la sala de conciertos a modo de terrazas de vi\u00f1edos. Las 2.200 localidades est\u00e1n dispuestas con tal imaginaci\u00f3n que hacen que el espectador forme parte de la escena, siempre gracias a la relaci\u00f3n espacial geom\u00e9trica entre el escenario y la sala. Bajo el techo, los reflectores ac\u00fasticos parecen estar suspendidos como nubes sobre la orquesta.<\/p>\n<p><a href=\"\/musicainesperada\/wp-content\/uploads\/sites\/23\/2013\/08\/interior-sala.jpg\"><img loading=\"lazy\" class=\"aligncenter size-full wp-image-186\" title=\"interior sala\" src=\"\/musicainesperada\/wp-content\/uploads\/sites\/23\/2013\/08\/interior-sala.jpg\" alt=\"\" width=\"500\" height=\"333\" srcset=\"https:\/\/static-blogs.laverdad.es\/wp-content\/uploads\/sites\/23\/2013\/08\/interior-sala.jpg 500w, https:\/\/static-blogs.laverdad.es\/wp-content\/uploads\/sites\/23\/2013\/08\/interior-sala-300x200.jpg 300w\" sizes=\"(max-width: 500px) 100vw, 500px\" \/><\/a><\/p>\n<p>&nbsp;<\/p>\n<p>El exterior del edificio es impresionante. El aluminio dorado que lo reviste apenas tiene ornamentos ni detalles en la fachada, pero el edificio proyecta su fuerza interior a trav\u00e9s de los distintos \u00e1ngulos, curvaturas y chaflanes.<\/p>\n<p><a href=\"\/musicainesperada\/wp-content\/uploads\/sites\/23\/2013\/08\/exterior-edificio1.jpg\"><img loading=\"lazy\" class=\"aligncenter size-medium wp-image-188\" title=\"exterior edificio\" src=\"\/musicainesperada\/wp-content\/uploads\/sites\/23\/2013\/08\/exterior-edificio1.jpg\" alt=\"\" width=\"300\" height=\"225\" srcset=\"https:\/\/static-blogs.laverdad.es\/wp-content\/uploads\/sites\/23\/2013\/08\/exterior-edificio1.jpg 1400w, https:\/\/static-blogs.laverdad.es\/wp-content\/uploads\/sites\/23\/2013\/08\/exterior-edificio1-300x225.jpg 300w, https:\/\/static-blogs.laverdad.es\/wp-content\/uploads\/sites\/23\/2013\/08\/exterior-edificio1-768x576.jpg 768w, https:\/\/static-blogs.laverdad.es\/wp-content\/uploads\/sites\/23\/2013\/08\/exterior-edificio1-1024x768.jpg 1024w\" sizes=\"(max-width: 300px) 100vw, 300px\" \/><\/a><\/p>\n<p>&nbsp;<\/p>\n<p>La naturaleza din\u00e1mica del espacio en la <strong>Philharmonie<\/strong> conecta el coraz\u00f3n del m\u00fasico con las gentes de Berl\u00edn. Como dice su creador, <strong>Hans Scharoun<\/strong>: <em>\u201cEl hombre est\u00e1 obligado y vinculado con su espacio correspondiente y con el tiempo cambiante\u201d.<\/em><\/p>\n<p>Ya tienen otra excusa para escuchar y \u201cver\u201d m\u00fasica.<\/p>\n","protected":false},"excerpt":{"rendered":"<p>&nbsp; Uno de los edificios m\u00e1s singulares de la capital de Alemania es el de la Philharmonie, sede de la Orquesta Filarm\u00f3nica de Berl\u00edn. Entre 1956 y 1963, siendo Herbert von Karajan director de la c\u00e9lebre formaci\u00f3n, se construye la llamativa sala dise\u00f1ada por Hans Scharoun, el arquitecto \u201cde las mil apariencias\u201d. Scharoun es un [&hellip;]<\/p>\n","protected":false},"author":24,"featured_media":0,"comment_status":"open","ping_status":"open","sticky":false,"template":"","format":"standard","meta":[],"categories":[5],"tags":[],"_links":{"self":[{"href":"https:\/\/blogs.laverdad.es\/musicainesperada\/wp-json\/wp\/v2\/posts\/184"}],"collection":[{"href":"https:\/\/blogs.laverdad.es\/musicainesperada\/wp-json\/wp\/v2\/posts"}],"about":[{"href":"https:\/\/blogs.laverdad.es\/musicainesperada\/wp-json\/wp\/v2\/types\/post"}],"author":[{"embeddable":true,"href":"https:\/\/blogs.laverdad.es\/musicainesperada\/wp-json\/wp\/v2\/users\/24"}],"replies":[{"embeddable":true,"href":"https:\/\/blogs.laverdad.es\/musicainesperada\/wp-json\/wp\/v2\/comments?post=184"}],"version-history":[{"count":0,"href":"https:\/\/blogs.laverdad.es\/musicainesperada\/wp-json\/wp\/v2\/posts\/184\/revisions"}],"wp:attachment":[{"href":"https:\/\/blogs.laverdad.es\/musicainesperada\/wp-json\/wp\/v2\/media?parent=184"}],"wp:term":[{"taxonomy":"category","embeddable":true,"href":"https:\/\/blogs.laverdad.es\/musicainesperada\/wp-json\/wp\/v2\/categories?post=184"},{"taxonomy":"post_tag","embeddable":true,"href":"https:\/\/blogs.laverdad.es\/musicainesperada\/wp-json\/wp\/v2\/tags?post=184"}],"curies":[{"name":"wp","href":"https:\/\/api.w.org\/{rel}","templated":true}]}}