{"id":195,"date":"2013-09-05T20:32:28","date_gmt":"2013-09-05T20:32:28","guid":{"rendered":"http:\/\/blogs.laverdad.es\/musicainesperada\/?p=195"},"modified":"2013-09-05T20:32:28","modified_gmt":"2013-09-05T20:32:28","slug":"la-cercania-del-maestro","status":"publish","type":"post","link":"https:\/\/blogs.laverdad.es\/musicainesperada\/2013\/09\/05\/la-cercania-del-maestro\/","title":{"rendered":"La cercan\u00eda del maestro"},"content":{"rendered":"<p><a href=\"\/musicainesperada\/wp-content\/uploads\/sites\/23\/2013\/09\/Cursillo-Fuster-21.jpg\"><img loading=\"lazy\" class=\"aligncenter size-medium wp-image-197\" title=\"Cursillo Fuster 2\" src=\"\/musicainesperada\/wp-content\/uploads\/sites\/23\/2013\/09\/Cursillo-Fuster-21.jpg\" alt=\"\" width=\"300\" height=\"225\" srcset=\"https:\/\/static-blogs.laverdad.es\/wp-content\/uploads\/sites\/23\/2013\/09\/Cursillo-Fuster-21.jpg 960w, https:\/\/static-blogs.laverdad.es\/wp-content\/uploads\/sites\/23\/2013\/09\/Cursillo-Fuster-21-300x225.jpg 300w, https:\/\/static-blogs.laverdad.es\/wp-content\/uploads\/sites\/23\/2013\/09\/Cursillo-Fuster-21-768x576.jpg 768w\" sizes=\"(max-width: 300px) 100vw, 300px\" \/><\/a><\/p>\n<p>&nbsp;<\/p>\n<p>Se define<strong><em> &#8220;maestr\u00eda&#8221;<\/em><\/strong> como la destreza o habilidad para hacer bien cierta cosa. Pero la palabra<strong><em> &#8220;maestro&#8221;<\/em><\/strong> contiene un halo de respeto ya que, para distinguirla del t\u00e9rmino &#8220;profesor&#8221;, la aplicamos a la persona de quien hemos recibido una ense\u00f1anza de mucho valor.<\/p>\n<p>Hoy hablaremos de maestros en el campo de la m\u00fasica para referirnos a personas de gran sabidur\u00eda y con una especial habilidad en esta disciplina.<\/p>\n<p>En la localidad murciana de Abar\u00e1n, a escasos metros de un bello paraje por donde discurre el R\u00edo Segura, hay un verdadero espacio sonoro donde se conjuga maestr\u00eda y ense\u00f1anza musical. En la<em><strong> \u201cCasa Rural Candel\u00f3n\u201d<\/strong><\/em>, se programan una serie de cursos dirigidos por <strong>Jes\u00fas Carrasco<\/strong>, m\u00fasico profesional, solista de clarinete y profesor del Conservatorio Superior de Murcia. Para <strong>Carrasco<\/strong>:<em> \u201cLa idea de realizar estos encuentros de clarinete la tengo en mente desde siempre. Durante toda mi carrera he cuidado tanto mi formaci\u00f3n como clarinetista como la de m\u00fasico de orquesta, mundo por el que siento gran atracci\u00f3n. Los contactos con profesores de la talla de Guy Deplus (Clarinete Solista de la \u00d3pera de Par\u00eds), Enrique P\u00e9rez (Clarinete Solista de la ONE) y Miguel Espejo (Clarinete Solista de la ORTVE), entre otros, fueron fundamentales para introducirme en el mundo de las orquestas\u201d.<\/em><\/p>\n<p>La vocaci\u00f3n docente de<strong> Jes\u00fas Carrasco<\/strong> lo ha animado a organizar <em><strong>\u201cverdaderos ejercicios espirituales\u201d<\/strong><\/em> con m\u00fasica. En palabras de este m\u00fasico de Abar\u00e1n: <em>\u201cTrato de ofrecer una bonita y enriquecedora experiencia a los alumnos interesados \u00a0y aprovechar la belleza natural del entorno. Las instalaciones de la \u201cCasa Rural Candel\u00f3n\u201d son ideales para organizar los encuentros musicales\u201d.<\/em><\/p>\n<p><a href=\"\/musicainesperada\/wp-content\/uploads\/sites\/23\/2013\/09\/Foto-Cursillo-Jos\u00e9-Franch-2.jpg\"><img loading=\"lazy\" class=\"alignright size-medium wp-image-198\" title=\"Foto Cursillo Jos\u00e9 Franch 2\" src=\"\/musicainesperada\/wp-content\/uploads\/sites\/23\/2013\/09\/Foto-Cursillo-Jos\u00e9-Franch-2.jpg\" alt=\"\" width=\"300\" height=\"225\" srcset=\"https:\/\/static-blogs.laverdad.es\/wp-content\/uploads\/sites\/23\/2013\/09\/Foto-Cursillo-Jos\u00e9-Franch-2.jpg 720w, https:\/\/static-blogs.laverdad.es\/wp-content\/uploads\/sites\/23\/2013\/09\/Foto-Cursillo-Jos\u00e9-Franch-2-300x225.jpg 300w\" sizes=\"(max-width: 300px) 100vw, 300px\" \/><\/a><\/p>\n<p>Los maestros que han sido invitados durante los \u00faltimos meses son los profesores <strong>Josep Fuster, Jos\u00e9 Franch Ballester y Johannes Peitz<\/strong>. Este fin de semana los alumnos reciben las ense\u00f1anzas de<strong> Jos\u00e9 Francisco Ferrer del Real<\/strong> y, al mismo tiempo, presencian las clases impartidas al resto del grupo. Adem\u00e1s, las jornadas permiten conocer personalmente al profesor ya que con \u00e9l comparten comidas, cenas y otros periodos de descanso.<\/p>\n<p>Tengo mucho que aprender como clarinetista y cuando asisto a estos encuentros, me basta con unos minutos para percibir la maestr\u00eda de los profesores invitados. Adem\u00e1s, es un placer escuchar las explicaciones y comprobar c\u00f3mo los alumnos reaccionan tan positivamente.<\/p>\n<p>La combinaci\u00f3n de sabidur\u00eda, experiencia y humanidad, nunca falla.<\/p>\n<p><span style=\"color: #808080;\"><strong><em>Lugar: Encuentros Musicales de la Casa Rural Candel\u00f3n. Abar\u00e1n, 6, 7 y 8 de Septiembre de 2013. Profesor: Jos\u00e9 Francisco Ferrer del Real (Clarinete Solista de la OSRM). M\u00e1s informaci\u00f3n en www.casaruralcandelon.com.<\/em><\/strong><\/span><\/p>\n","protected":false},"excerpt":{"rendered":"<p>&nbsp; Se define &#8220;maestr\u00eda&#8221; como la destreza o habilidad para hacer bien cierta cosa. Pero la palabra &#8220;maestro&#8221; contiene un halo de respeto ya que, para distinguirla del t\u00e9rmino &#8220;profesor&#8221;, la aplicamos a la persona de quien hemos recibido una ense\u00f1anza de mucho valor. Hoy hablaremos de maestros en el campo de la m\u00fasica para [&hellip;]<\/p>\n","protected":false},"author":24,"featured_media":0,"comment_status":"open","ping_status":"open","sticky":false,"template":"","format":"standard","meta":[],"categories":[5],"tags":[],"_links":{"self":[{"href":"https:\/\/blogs.laverdad.es\/musicainesperada\/wp-json\/wp\/v2\/posts\/195"}],"collection":[{"href":"https:\/\/blogs.laverdad.es\/musicainesperada\/wp-json\/wp\/v2\/posts"}],"about":[{"href":"https:\/\/blogs.laverdad.es\/musicainesperada\/wp-json\/wp\/v2\/types\/post"}],"author":[{"embeddable":true,"href":"https:\/\/blogs.laverdad.es\/musicainesperada\/wp-json\/wp\/v2\/users\/24"}],"replies":[{"embeddable":true,"href":"https:\/\/blogs.laverdad.es\/musicainesperada\/wp-json\/wp\/v2\/comments?post=195"}],"version-history":[{"count":0,"href":"https:\/\/blogs.laverdad.es\/musicainesperada\/wp-json\/wp\/v2\/posts\/195\/revisions"}],"wp:attachment":[{"href":"https:\/\/blogs.laverdad.es\/musicainesperada\/wp-json\/wp\/v2\/media?parent=195"}],"wp:term":[{"taxonomy":"category","embeddable":true,"href":"https:\/\/blogs.laverdad.es\/musicainesperada\/wp-json\/wp\/v2\/categories?post=195"},{"taxonomy":"post_tag","embeddable":true,"href":"https:\/\/blogs.laverdad.es\/musicainesperada\/wp-json\/wp\/v2\/tags?post=195"}],"curies":[{"name":"wp","href":"https:\/\/api.w.org\/{rel}","templated":true}]}}