{"id":199,"date":"2013-09-12T20:41:41","date_gmt":"2013-09-12T20:41:41","guid":{"rendered":"http:\/\/blogs.laverdad.es\/musicainesperada\/?p=199"},"modified":"2013-09-12T20:41:41","modified_gmt":"2013-09-12T20:41:41","slug":"por-que-viena","status":"publish","type":"post","link":"https:\/\/blogs.laverdad.es\/musicainesperada\/2013\/09\/12\/por-que-viena\/","title":{"rendered":"\u00bfPor qu\u00e9 Viena?"},"content":{"rendered":"<p>&nbsp;<\/p>\n<p>&nbsp;<\/p>\n<p>&nbsp;<\/p>\n<p><a href=\"\/musicainesperada\/wp-content\/uploads\/sites\/23\/2013\/09\/Virginia2.jpg\"><img loading=\"lazy\" class=\"aligncenter size-full wp-image-202\" title=\"Virginia\" src=\"\/musicainesperada\/wp-content\/uploads\/sites\/23\/2013\/09\/Virginia2.jpg\" alt=\"\" width=\"500\" height=\"750\" srcset=\"https:\/\/static-blogs.laverdad.es\/wp-content\/uploads\/sites\/23\/2013\/09\/Virginia2.jpg 500w, https:\/\/static-blogs.laverdad.es\/wp-content\/uploads\/sites\/23\/2013\/09\/Virginia2-200x300.jpg 200w\" sizes=\"(max-width: 500px) 100vw, 500px\" \/><\/a><\/p>\n<p>&nbsp;<\/p>\n<p><span style=\"font-size: medium;\">El esp\u00edritu de la m\u00fasica no aparece en cualquier sitio. Con esta frase, <strong>Henry-Louis de La Granje<\/strong> introduce su c\u00e9lebre obra <em><strong>\u201cViena, una historia musical\u201d.<\/strong><\/em><\/span><\/p>\n<p><span style=\"font-size: medium;\">En una semana comienza la temporada de la <strong>Orquesta Sinf\u00f3nica de la Regi\u00f3n de Murcia<\/strong> y hay una gran expectaci\u00f3n ante el concierto inaugural. Desde el curso anterior, <strong>Virginia Mart\u00ednez<\/strong> es la responsable de la direcci\u00f3n musical de nuestra orquesta y de que sus integrantes reaccionen tan positivamente a los planteamientos que ella propone.<\/span><\/p>\n<p><span style=\"font-size: medium;\"><strong>Virginia<\/strong> desde ni\u00f1a tiene el sue\u00f1o de ser Directora de Orquesta: <em>\u201cme esforc\u00e9 al m\u00e1ximo para estudiar la carrera en la ciudad considerada como la cuna de la m\u00fasica. El 28 de septiembre de 1999 aprob\u00e9 el examen de acceso al Conservatorio de Viena y comenc\u00e9 la aventura que me llev\u00f3 hacia la madurez acad\u00e9mica y personal\u201d.<\/em><\/span><\/p>\n<p><span style=\"font-size: medium;\">Llegar a <strong>Viena<\/strong> es s\u00f3lo el primer paso para la joven murciana que se levanta a diario a las seis y media de la ma\u00f1ana para ir al conservatorio: <em>\u201cHasta las 6 de la tarde m\u00e1s o menos, asist\u00eda a las clases de direcci\u00f3n, canto, percusi\u00f3n, correpetici\u00f3n, reducci\u00f3n de partituras, instrumentaci\u00f3n, educaci\u00f3n auditiva, coro, italiano, etc&#8230; y siempre con la sensaci\u00f3n de disfrutar cada hora al m\u00e1ximo.\u201d<\/em><\/span><\/p>\n<p><span style=\"font-size: medium;\"><strong>Viena<\/strong> es una de las mejores escuelas europeas de direcci\u00f3n. <strong>Virginia<\/strong> nos cuenta que <em>\u201clos profesores de las distintas asignaturas eran fant\u00e1sticos y casi le faltaba tiempo para aprender de cada uno de ellos. Conviv\u00eda con compa\u00f1eros de diferentes pa\u00edses, con los que compart\u00eda momentos de risas, llantos y la pasi\u00f3n por la m\u00fasica\u201d.<\/em><\/span><\/p>\n<p><span style=\"font-size: medium;\">La oferta de la capital austr\u00edaca para alguien con inter\u00e9s por la m\u00fasica, no tiene l\u00edmites. <strong>Virginia<\/strong> supera las pruebas de acceso del <strong>Singverein Chor<\/strong>\u00a0y se incorpora a giras, ensayos y conciertos con las mejores formaciones de Europa (<strong>Filarm\u00f3nica de Viena, Stadtkapelle de Berl\u00edn, Camerata de Salzburgo, Sinf\u00f3nica de Viena<\/strong>, etc) y con directores del m\u00e1ximo nivel:<em> \u201cPara m\u00ed era como recibir clases de direcci\u00f3n de los mejores. Disfrutaba con emoci\u00f3n observando las caras y gestos que normalmente no vemos en los conciertos. Jam\u00e1s olvidar\u00e9 la sinceridad y el compromiso con la m\u00fasica de Mariss Jansons, la autoridad de Geroge Pr\u00eatre , la sencillez de Simon Rattle o la mirada penetrante de Valery Gergiev.\u201d<\/em><\/span><\/p>\n<div id=\"attachment_205\" style=\"width: 235px\" class=\"wp-caption aligncenter\"><span style=\"font-size: medium;\"><a href=\"\/musicainesperada\/wp-content\/uploads\/sites\/23\/2013\/09\/Diploma_13.6.03_Orquesta_de_la_radio_de_Viena2.jpg\"><img aria-describedby=\"caption-attachment-205\" loading=\"lazy\" class=\"size-medium wp-image-205\" title=\"El primer concierto: Viena, 13 junio de 2003.\" src=\"\/musicainesperada\/wp-content\/uploads\/sites\/23\/2013\/09\/Diploma_13.6.03_Orquesta_de_la_radio_de_Viena2.jpg\" alt=\"\" width=\"225\" height=\"300\" srcset=\"https:\/\/static-blogs.laverdad.es\/wp-content\/uploads\/sites\/23\/2013\/09\/Diploma_13.6.03_Orquesta_de_la_radio_de_Viena2.jpg 1536w, https:\/\/static-blogs.laverdad.es\/wp-content\/uploads\/sites\/23\/2013\/09\/Diploma_13.6.03_Orquesta_de_la_radio_de_Viena2-225x300.jpg 225w, https:\/\/static-blogs.laverdad.es\/wp-content\/uploads\/sites\/23\/2013\/09\/Diploma_13.6.03_Orquesta_de_la_radio_de_Viena2-768x1024.jpg 768w\" sizes=\"(max-width: 225px) 100vw, 225px\" \/><\/a><\/span><p id=\"caption-attachment-205\" class=\"wp-caption-text\">El primer concierto: Viena, 13 junio de 2003.<\/p><\/div>\n<p><span style=\"font-size: medium;\">En cada rinc\u00f3n de <strong>Viena<\/strong> hay m\u00fasica. <strong>Virginia<\/strong> y sus colegas de estudios disponen de entradas para la \u00f3pera o para la sala <strong>Musikverein<\/strong> que cuestan entre 3,50 y 4 euros: <em>\u201cSiempre ten\u00edamos la oportunidad de escuchar un concierto o una \u00f3pera interpretado por las primeras espadas del panorama musical. Era tal el ambiente musical en la ciudad que cada lugar era relevante para un m\u00fasico\u201d.<\/em><\/span><\/p>\n<p><span style=\"font-size: medium;\">El \u00faltimo domicilio de <strong>Virginia<\/strong> en \u201cLa ciudad de la m\u00fasica\u201d est\u00e1 en la calle Ungargasse del tercer distrito, justo enfrente de la casa donde <strong>Beethoven<\/strong> compone la <strong><em>\u201cOda a la alegr\u00eda\u201d<\/em><\/strong> de su Novena Sinfon\u00eda.<\/span><\/p>\n<p><span style=\"font-size: medium;\">El d\u00eda de San Antonio de 2003, Virginia se grad\u00faa con la <strong>Orquesta de la Radio de Viena<\/strong> dirigiendo <em><strong>\u201cEl P\u00e1jaro de fuego&#8221;<\/strong><\/em> de<strong> Igor Strawinsky<\/strong>: \u201c<em>Gran parte de lo que soy se lo debo a mis dos grandes maestros, Reinhard Schwarz y Georg Mark, y por supuesto, a la ciudad de Viena, por dejarme respirar m\u00fasica a cada segundo y en cada rinc\u00f3n\u201d.<\/em><\/span><\/p>\n<p><span style=\"font-size: medium;\">En este segundo a\u00f1o de <strong style=\"font-size: 13px;\">Virginia Mart\u00ednez<\/strong> como Directora Titular de la <strong style=\"font-size: 13px;\">OSRM<\/strong> nos esperan grandes veladas de m\u00fasica. Percibir su s\u00f3lida formaci\u00f3n, su soberbio dominio del repertorio y como transmite su expresividad y su creatividad, es respirar la atm\u00f3sfera de los privilegiados. \u00a0\u00a0<\/span><\/p>\n<p><a href=\"\/musicainesperada\/wp-content\/uploads\/sites\/23\/2013\/09\/DSC03399.jpg\"><img loading=\"lazy\" class=\"aligncenter size-medium wp-image-206\" title=\"DSC03399\" src=\"\/musicainesperada\/wp-content\/uploads\/sites\/23\/2013\/09\/DSC03399.jpg\" alt=\"\" width=\"300\" height=\"225\" srcset=\"https:\/\/static-blogs.laverdad.es\/wp-content\/uploads\/sites\/23\/2013\/09\/DSC03399.jpg 3264w, https:\/\/static-blogs.laverdad.es\/wp-content\/uploads\/sites\/23\/2013\/09\/DSC03399-300x225.jpg 300w, https:\/\/static-blogs.laverdad.es\/wp-content\/uploads\/sites\/23\/2013\/09\/DSC03399-768x576.jpg 768w, https:\/\/static-blogs.laverdad.es\/wp-content\/uploads\/sites\/23\/2013\/09\/DSC03399-1024x768.jpg 1024w\" sizes=\"(max-width: 300px) 100vw, 300px\" \/><\/a><\/p>\n","protected":false},"excerpt":{"rendered":"<p>&nbsp; &nbsp; &nbsp; &nbsp; El esp\u00edritu de la m\u00fasica no aparece en cualquier sitio. Con esta frase, Henry-Louis de La Granje introduce su c\u00e9lebre obra \u201cViena, una historia musical\u201d. En una semana comienza la temporada de la Orquesta Sinf\u00f3nica de la Regi\u00f3n de Murcia y hay una gran expectaci\u00f3n ante el concierto inaugural. Desde el [&hellip;]<\/p>\n","protected":false},"author":24,"featured_media":0,"comment_status":"open","ping_status":"open","sticky":false,"template":"","format":"standard","meta":[],"categories":[19],"tags":[],"_links":{"self":[{"href":"https:\/\/blogs.laverdad.es\/musicainesperada\/wp-json\/wp\/v2\/posts\/199"}],"collection":[{"href":"https:\/\/blogs.laverdad.es\/musicainesperada\/wp-json\/wp\/v2\/posts"}],"about":[{"href":"https:\/\/blogs.laverdad.es\/musicainesperada\/wp-json\/wp\/v2\/types\/post"}],"author":[{"embeddable":true,"href":"https:\/\/blogs.laverdad.es\/musicainesperada\/wp-json\/wp\/v2\/users\/24"}],"replies":[{"embeddable":true,"href":"https:\/\/blogs.laverdad.es\/musicainesperada\/wp-json\/wp\/v2\/comments?post=199"}],"version-history":[{"count":0,"href":"https:\/\/blogs.laverdad.es\/musicainesperada\/wp-json\/wp\/v2\/posts\/199\/revisions"}],"wp:attachment":[{"href":"https:\/\/blogs.laverdad.es\/musicainesperada\/wp-json\/wp\/v2\/media?parent=199"}],"wp:term":[{"taxonomy":"category","embeddable":true,"href":"https:\/\/blogs.laverdad.es\/musicainesperada\/wp-json\/wp\/v2\/categories?post=199"},{"taxonomy":"post_tag","embeddable":true,"href":"https:\/\/blogs.laverdad.es\/musicainesperada\/wp-json\/wp\/v2\/tags?post=199"}],"curies":[{"name":"wp","href":"https:\/\/api.w.org\/{rel}","templated":true}]}}