{"id":20,"date":"2013-01-29T23:30:01","date_gmt":"2013-01-29T23:30:01","guid":{"rendered":"http:\/\/blogs.laverdad.es\/musicainesperada\/?p=20"},"modified":"2013-01-29T23:30:01","modified_gmt":"2013-01-29T23:30:01","slug":"musica-virtuosa-episodio-tres-sensibilidad-y-madurez","status":"publish","type":"post","link":"https:\/\/blogs.laverdad.es\/musicainesperada\/2013\/01\/29\/musica-virtuosa-episodio-tres-sensibilidad-y-madurez\/","title":{"rendered":"M\u00fasica virtuosa episodio tres: sensibilidad y madurez."},"content":{"rendered":"<p><a href=\"\/musicainesperada\/wp-content\/uploads\/sites\/23\/2013\/01\/disco-fuster-portada1.png\"><img loading=\"lazy\" class=\"alignright size-thumbnail wp-image-22\" title=\"M\u00fasica virtuosa III\" src=\"\/musicainesperada\/wp-content\/uploads\/sites\/23\/2013\/01\/disco-fuster-portada1.png\" alt=\"\" width=\"150\" height=\"150\" \/><\/a>En la secci\u00f3n &#8220;Oro molido&#8221;\u00a0comentaremos las grabaciones\u00a0de calidad musical que son de reciente aparici\u00f3n o que tienen inter\u00e9s hist\u00f3rico.<\/p>\n<p>A finales del a\u00f1o pasado, el clarinetista Josep Fuster y la pianista Isabel Hern\u00e1ndez\u00a0grabaron el disco &#8220;M\u00fasica Virtuosa vol. III&#8221; con\u00a0obras de Chausson, Debussy, Muczynski, Olm, De la Cruz y Meseguer, entre otros compositores. He tenido la oportunidad de escuchar el disco detenidamente y les aseguro que es una delicia en cuanto a sensibilidad, sonido e interpretaci\u00f3n. Adem\u00e1s estos dos m\u00fasicos tienen una compenetraci\u00f3n camer\u00edstica extraordinaria, como antes hab\u00edan mostrado en &#8220;M\u00fasica virtuosa vol. I y\u00a0 vol. II&#8221;.<\/p>\n<p>M\u00fasica Virtuosa vol.\u00a0III. Josep Fuster \u00a0(clarinete) e Isabel Hern\u00e1dez (piano). Sello: Columna M\u00fasica. Ref: 1CM0312.<\/p>\n","protected":false},"excerpt":{"rendered":"<p>En la secci\u00f3n &#8220;Oro molido&#8221;\u00a0comentaremos las grabaciones\u00a0de calidad musical que son de reciente aparici\u00f3n o que tienen inter\u00e9s hist\u00f3rico. A finales del a\u00f1o pasado, el clarinetista Josep Fuster y la pianista Isabel Hern\u00e1ndez\u00a0grabaron el disco &#8220;M\u00fasica Virtuosa vol. III&#8221; con\u00a0obras de Chausson, Debussy, Muczynski, Olm, De la Cruz y Meseguer, entre otros compositores. He tenido [&hellip;]<\/p>\n","protected":false},"author":24,"featured_media":0,"comment_status":"open","ping_status":"closed","sticky":false,"template":"","format":"standard","meta":[],"categories":[12],"tags":[],"_links":{"self":[{"href":"https:\/\/blogs.laverdad.es\/musicainesperada\/wp-json\/wp\/v2\/posts\/20"}],"collection":[{"href":"https:\/\/blogs.laverdad.es\/musicainesperada\/wp-json\/wp\/v2\/posts"}],"about":[{"href":"https:\/\/blogs.laverdad.es\/musicainesperada\/wp-json\/wp\/v2\/types\/post"}],"author":[{"embeddable":true,"href":"https:\/\/blogs.laverdad.es\/musicainesperada\/wp-json\/wp\/v2\/users\/24"}],"replies":[{"embeddable":true,"href":"https:\/\/blogs.laverdad.es\/musicainesperada\/wp-json\/wp\/v2\/comments?post=20"}],"version-history":[{"count":0,"href":"https:\/\/blogs.laverdad.es\/musicainesperada\/wp-json\/wp\/v2\/posts\/20\/revisions"}],"wp:attachment":[{"href":"https:\/\/blogs.laverdad.es\/musicainesperada\/wp-json\/wp\/v2\/media?parent=20"}],"wp:term":[{"taxonomy":"category","embeddable":true,"href":"https:\/\/blogs.laverdad.es\/musicainesperada\/wp-json\/wp\/v2\/categories?post=20"},{"taxonomy":"post_tag","embeddable":true,"href":"https:\/\/blogs.laverdad.es\/musicainesperada\/wp-json\/wp\/v2\/tags?post=20"}],"curies":[{"name":"wp","href":"https:\/\/api.w.org\/{rel}","templated":true}]}}