{"id":2028,"date":"2021-11-12T15:43:09","date_gmt":"2021-11-12T14:43:09","guid":{"rendered":"https:\/\/blogs.laverdad.es\/musicainesperada\/?p=2028"},"modified":"2022-01-10T11:01:02","modified_gmt":"2022-01-10T10:01:02","slug":"la-esencia-de-los-suenos","status":"publish","type":"post","link":"https:\/\/blogs.laverdad.es\/musicainesperada\/2021\/11\/12\/la-esencia-de-los-suenos\/","title":{"rendered":"La esencia de los sue\u00f1os"},"content":{"rendered":"<p>Cuando en septiembre de 1850 <strong>Robert Schumann<\/strong> acept\u00f3 el cargo de director musical en D\u00fcsseldorf, no imagin\u00f3 el efecto que tendr\u00edan las aguas de Rhin en su vida art\u00edstica y personal.<\/p>\n<p>Nada m\u00e1s instalarse en esta ciudad alemana, <strong>Robert<\/strong> comenz\u00f3 a componer varias obras, una de las cuales recibi\u00f3 el sobrenombre de <em><strong>Renana<\/strong><\/em>, ya que el r\u00edo fue el propicio escenario del dulce momento de creatividad del maestro.<\/p>\n<p>Entre noviembre y diciembre de ese a\u00f1o,\u00a0<strong>Schumann<\/strong> escribi\u00f3 la que ser\u00eda su <em><strong>Tercera Sinfon\u00eda<\/strong><\/em> (aunque realmente fue la cuarta y \u00faltima que compuso) en cinco movimientos.<\/p>\n<p>En estas semanas de noviembre, nuestro grupo de c\u00e1mara ha comenzado a ensayar el tercer movimiento de la <em><strong>Renana<\/strong><\/em>, <em>Nicht schnell<\/em>, que como las mejores esencias, <strong>Schumann<\/strong> la guard\u00f3 cuidadosamente y la dispuso en el centro de su<span class=\"Apple-converted-space\">\u00a0<\/span>nueva sinfon\u00eda.<\/p>\n<p>Si el oyente presta atenci\u00f3n en la audici\u00f3n de este breve y lento movimiento, descubrir\u00e1 que el lirismo y la calma que transmiten los primeros compases, esconden la pulsi\u00f3n interna que tanto condicion\u00f3 la existencia del maestro saj\u00f3n.<\/p>\n<p>La partitura de clarinete invita, desde el primer comp\u00e1s, al canto al un\u00edsono con el fagot, hilando una dulce melod\u00eda que debe sonar desde la lejan\u00eda sobre el pizzicati de las cuerdas. Los instrumentos de cuerda son los que mejor reflejan la agitaci\u00f3n interna de Schumann con notas musicales llenas de tensi\u00f3n y que invitan a descifrar el enigma que propone el compositor y que termina por extenderse a la orquesta.<\/p>\n<p>El tercer tema es un encantador interludio a cargo de las violas y que nos recuerda a las canciones de la infancia.<span class=\"Apple-converted-space\">\u00a0<\/span><\/p>\n<p>En conjunto, este <i>Nicht\u00a0schnell<\/i>\u00a0es un lugar donde la fantas\u00eda de Schumann nos invita a so\u00f1ar aunque seamos conscientes de que despertaremos en cualquier momento.<\/p>\n<p><iframe loading=\"lazy\" width=\"500\" height=\"375\" src=\"https:\/\/www.youtube.com\/embed\/_T3kAKPvw4k?feature=oembed\" frameborder=\"0\" allow=\"accelerometer; autoplay; clipboard-write; encrypted-media; gyroscope; picture-in-picture\" allowfullscreen><\/iframe><\/p>\n<p>&nbsp;<\/p>\n<p>&nbsp;<\/p>\n<p>&nbsp;<\/p>\n","protected":false},"excerpt":{"rendered":"<p>Cuando en septiembre de 1850 Robert Schumann acept\u00f3 el cargo de director musical en D\u00fcsseldorf, no imagin\u00f3 el efecto que tendr\u00edan las aguas de Rhin en su vida art\u00edstica y personal. Nada m\u00e1s instalarse en esta ciudad alemana, Robert comenz\u00f3 a componer varias obras, una de las cuales recibi\u00f3 el sobrenombre de Renana, ya que [&hellip;]<\/p>\n","protected":false},"author":24,"featured_media":0,"comment_status":"open","ping_status":"open","sticky":false,"template":"","format":"standard","meta":[],"categories":[1],"tags":[],"_links":{"self":[{"href":"https:\/\/blogs.laverdad.es\/musicainesperada\/wp-json\/wp\/v2\/posts\/2028"}],"collection":[{"href":"https:\/\/blogs.laverdad.es\/musicainesperada\/wp-json\/wp\/v2\/posts"}],"about":[{"href":"https:\/\/blogs.laverdad.es\/musicainesperada\/wp-json\/wp\/v2\/types\/post"}],"author":[{"embeddable":true,"href":"https:\/\/blogs.laverdad.es\/musicainesperada\/wp-json\/wp\/v2\/users\/24"}],"replies":[{"embeddable":true,"href":"https:\/\/blogs.laverdad.es\/musicainesperada\/wp-json\/wp\/v2\/comments?post=2028"}],"version-history":[{"count":1,"href":"https:\/\/blogs.laverdad.es\/musicainesperada\/wp-json\/wp\/v2\/posts\/2028\/revisions"}],"predecessor-version":[{"id":2045,"href":"https:\/\/blogs.laverdad.es\/musicainesperada\/wp-json\/wp\/v2\/posts\/2028\/revisions\/2045"}],"wp:attachment":[{"href":"https:\/\/blogs.laverdad.es\/musicainesperada\/wp-json\/wp\/v2\/media?parent=2028"}],"wp:term":[{"taxonomy":"category","embeddable":true,"href":"https:\/\/blogs.laverdad.es\/musicainesperada\/wp-json\/wp\/v2\/categories?post=2028"},{"taxonomy":"post_tag","embeddable":true,"href":"https:\/\/blogs.laverdad.es\/musicainesperada\/wp-json\/wp\/v2\/tags?post=2028"}],"curies":[{"name":"wp","href":"https:\/\/api.w.org\/{rel}","templated":true}]}}