{"id":2035,"date":"2021-12-18T18:42:52","date_gmt":"2021-12-18T17:42:52","guid":{"rendered":"https:\/\/blogs.laverdad.es\/musicainesperada\/?p=2035"},"modified":"2022-01-12T08:31:17","modified_gmt":"2022-01-12T07:31:17","slug":"la-experiencia-de-la-vida","status":"publish","type":"post","link":"https:\/\/blogs.laverdad.es\/musicainesperada\/2021\/12\/18\/la-experiencia-de-la-vida\/","title":{"rendered":"La experiencia de la vida"},"content":{"rendered":"<p><a href=\"https:\/\/static-blogs.laverdad.es\/wp-content\/uploads\/sites\/23\/2021\/12\/Identidad-en-tr\u00e1nsito.png\"><img loading=\"lazy\" class=\"alignright wp-image-2036\" src=\"https:\/\/static-blogs.laverdad.es\/wp-content\/uploads\/sites\/23\/2021\/12\/Identidad-en-tr\u00e1nsito.png\" alt=\"\" width=\"756\" height=\"1246\" srcset=\"https:\/\/static-blogs.laverdad.es\/wp-content\/uploads\/sites\/23\/2021\/12\/Identidad-en-tr\u00e1nsito.png 676w, https:\/\/static-blogs.laverdad.es\/wp-content\/uploads\/sites\/23\/2021\/12\/Identidad-en-tr\u00e1nsito-182x300.png 182w, https:\/\/static-blogs.laverdad.es\/wp-content\/uploads\/sites\/23\/2021\/12\/Identidad-en-tr\u00e1nsito-621x1024.png 621w\" sizes=\"(max-width: 756px) 100vw, 756px\" \/><\/a><\/p>\n<p>La noticia acapara las portadas de los diarios italianos. Hace tres d\u00edas desembarc\u00f3 en Bari el barco <em>Vlora<\/em> con 18.000 compatriotas que hu\u00edan de la realidad albanesa y del conflicto de Kosovo en busca de un futuro mejor.<\/p>\n<p>De camino hacia el Conservatorio de Santa Cecilia, donde imparto clases de viol\u00edn, acudieron las im\u00e1genes de mi infancia en Tirana, el cuarto donde jugaba con Nesti y la pared donde colgaba el viol\u00edn de su abuelo, un instrumento<span class=\"Apple-converted-space\">\u00a0 <\/span>inalcanzable para unos ni\u00f1os que a\u00f1os m\u00e1s tarde completaron sus estudios musicales toc\u00e1ndolo por turnos. Los dos fantase\u00e1bamos con lograr una beca que nos llevara a Mosc\u00fa y de all\u00ed saltar a Europa y visitar Roma. El d\u00eda del examen final de carrera, me precipit\u00e9 al cruzar la calle y Nesti salv\u00f3 mi vida. Su brusco empuj\u00f3n logr\u00f3 que esquivara un droshky que pasaba a gran velocidad. Mi amigo sufri\u00f3 el impacto del carruaje y qued\u00f3 con severas lesiones en piernas y brazos. Yo pude examinarme mientras a Nesti lo trataban en el hospital y con la solvencia necesaria para obtener la ansiada beca de estudios. Despu\u00e9s me enter\u00e9 que \u00e9l nunca pudo volver a tocar el viol\u00edn y que su familia cay\u00f3 en desgracia por escuchar una emisora de radio italiana, siendo llevado junto a sus padres a trabajar a una mina de carb\u00f3n.<\/p>\n<p>Los albaneses refugiados de Bari quedaron hacinados y expuestos al sol de agosto en un campo de f\u00fatbol, lo que propici\u00f3 que, durante la noche, centenares de ellos se fugasen y se dispersasen en distintas direcciones. Levant\u00e9 la mirada y cre\u00ed reconocer a unos pasos por delante de m\u00ed a alguien muy familiar. Posiblemente mis recuerdos me llevaron a pensar en Ridvan, el padre de Nesti, con un aspecto algo m\u00e1s envejecido, pero con sus t\u00edpicos andares a pesar de la ayuda de una muleta. Atraves\u00f3 con tanta agilidad la v\u00eda del Corso que, temiendo perder su rastro, cruc\u00e9 apresuradamente la calle sin percatarme de la motocicleta que me lanz\u00f3 al asfalto. Aturdido y rodeado de transe\u00fantes que recriminaban mi descuidada acci\u00f3n, escuche en un alban\u00e9s perfecto: <em>\u201cPor fin juntos en Roma, pero esta vez no pude proteger al amigo\u201d.<\/em> Nadie me ayud\u00f3 a ponerme en pie y recog\u00ed del suelo el estuche de mi viol\u00edn mientras todos se alejaban sin dejar de mirarme con<span class=\"Apple-converted-space\">\u00a0<\/span>cierto desprecio.<span class=\"Apple-converted-space\">\u00a0<\/span><\/p>\n<p>&nbsp;<\/p>\n<p><strong><em>Identidad en tr\u00e1nsito es una exposici\u00f3n de Pedro Cano que se puede visitar hasta el 2 de febrero de 2022 en la Sala de B\u00f3vedas de la Casa de la Panader\u00eda (Plaza Mayor, 27) de Madrid, de martes a domingo, de 11 a 20 horas.<\/em><\/strong><\/p>\n","protected":false},"excerpt":{"rendered":"<p>La noticia acapara las portadas de los diarios italianos. Hace tres d\u00edas desembarc\u00f3 en Bari el barco Vlora con 18.000 compatriotas que hu\u00edan de la realidad albanesa y del conflicto de Kosovo en busca de un futuro mejor. De camino hacia el Conservatorio de Santa Cecilia, donde imparto clases de viol\u00edn, acudieron las im\u00e1genes de [&hellip;]<\/p>\n","protected":false},"author":24,"featured_media":0,"comment_status":"open","ping_status":"open","sticky":false,"template":"","format":"standard","meta":[],"categories":[1],"tags":[],"_links":{"self":[{"href":"https:\/\/blogs.laverdad.es\/musicainesperada\/wp-json\/wp\/v2\/posts\/2035"}],"collection":[{"href":"https:\/\/blogs.laverdad.es\/musicainesperada\/wp-json\/wp\/v2\/posts"}],"about":[{"href":"https:\/\/blogs.laverdad.es\/musicainesperada\/wp-json\/wp\/v2\/types\/post"}],"author":[{"embeddable":true,"href":"https:\/\/blogs.laverdad.es\/musicainesperada\/wp-json\/wp\/v2\/users\/24"}],"replies":[{"embeddable":true,"href":"https:\/\/blogs.laverdad.es\/musicainesperada\/wp-json\/wp\/v2\/comments?post=2035"}],"version-history":[{"count":2,"href":"https:\/\/blogs.laverdad.es\/musicainesperada\/wp-json\/wp\/v2\/posts\/2035\/revisions"}],"predecessor-version":[{"id":2050,"href":"https:\/\/blogs.laverdad.es\/musicainesperada\/wp-json\/wp\/v2\/posts\/2035\/revisions\/2050"}],"wp:attachment":[{"href":"https:\/\/blogs.laverdad.es\/musicainesperada\/wp-json\/wp\/v2\/media?parent=2035"}],"wp:term":[{"taxonomy":"category","embeddable":true,"href":"https:\/\/blogs.laverdad.es\/musicainesperada\/wp-json\/wp\/v2\/categories?post=2035"},{"taxonomy":"post_tag","embeddable":true,"href":"https:\/\/blogs.laverdad.es\/musicainesperada\/wp-json\/wp\/v2\/tags?post=2035"}],"curies":[{"name":"wp","href":"https:\/\/api.w.org\/{rel}","templated":true}]}}