{"id":2038,"date":"2021-12-31T18:40:13","date_gmt":"2021-12-31T17:40:13","guid":{"rendered":"https:\/\/blogs.laverdad.es\/musicainesperada\/?p=2038"},"modified":"2022-01-12T08:31:26","modified_gmt":"2022-01-12T07:31:26","slug":"surfeando-con-rossini","status":"publish","type":"post","link":"https:\/\/blogs.laverdad.es\/musicainesperada\/2021\/12\/31\/surfeando-con-rossini\/","title":{"rendered":"Surfeando con Rossini"},"content":{"rendered":"<p><a href=\"https:\/\/static-blogs.laverdad.es\/wp-content\/uploads\/sites\/23\/2021\/12\/MeetIN_10Aniv_161.jpg\"><img loading=\"lazy\" class=\"alignright size-full wp-image-2039\" src=\"https:\/\/static-blogs.laverdad.es\/wp-content\/uploads\/sites\/23\/2021\/12\/MeetIN_10Aniv_161.jpg\" alt=\"\" width=\"800\" height=\"967\" srcset=\"https:\/\/static-blogs.laverdad.es\/wp-content\/uploads\/sites\/23\/2021\/12\/MeetIN_10Aniv_161.jpg 800w, https:\/\/static-blogs.laverdad.es\/wp-content\/uploads\/sites\/23\/2021\/12\/MeetIN_10Aniv_161-248x300.jpg 248w, https:\/\/static-blogs.laverdad.es\/wp-content\/uploads\/sites\/23\/2021\/12\/MeetIN_10Aniv_161-768x928.jpg 768w\" sizes=\"(max-width: 800px) 100vw, 800px\" \/><\/a><\/p>\n<p>Hay quien se pregunta qu\u00e9 tiene la \u00f3pera para atraer a las personas. El hecho de permanecer sentado y callado durante horas ante una historia de la que conoces todo el argumento parece inconcebible. Sin embargo, cualquiera de nosotros somos capaces de narrar una y otra vez un cuento ante la mirada de asombro de un ni\u00f1o boquiabierto. Y es que, desde la infancia, nos fascina que nos repitan historias si est\u00e1n bien aderezadas con magia e imaginaci\u00f3n.<span class=\"Apple-converted-space\">\u00a0<\/span><\/p>\n<p>Llega el fin de a\u00f1o y el momento de renovar las esperanzas en un futuro mejor. Para que se cumplan los sue\u00f1os hay que gozar de buena salud y combinar gen\u00e9tica, esfuerzo, suerte y sobre todo, determinaci\u00f3n. Hoy hablamos de un personaje de la historia de la \u00f3pera que destaca por su decisi\u00f3n, car\u00e1cter y asertividad bajo una apariencia bondadosa y de obediencia.<span class=\"Apple-converted-space\">\u00a0<\/span><\/p>\n<p><strong>Rosina<\/strong> es la protagonista femenina de <em><strong>El barbero de Sevilla<\/strong><\/em>, la \u00f3pera m\u00e1s c\u00e9lebre de <strong>Rossini<\/strong> con libreto de Sterbini, donde se suceden una serie de personajes y situaciones geniales hilados con melod\u00edas inolvidables. Ella es una bella e ingeniosa hu\u00e9rfana que est\u00e1 enamorada del Conde de Almaviva y tiene que lidiar con los deseos Don Bartolo, el viejo tutor que la cobij\u00f3 desde ni\u00f1a, de desposarla.<\/p>\n<p>Nuestra invitada de hoy es <strong>Ana Molina Garc\u00eda<\/strong>, mezzosoprano l\u00edrica que completa su formaci\u00f3n en la Escuela Superior de Canto de Madrid y que conoce muy bien a <strong>Rosina<\/strong>: <em>\u201cEs un personaje que me ha dado muchos quebraderos de cabeza. Hace dos a\u00f1os, Sara Almaz\u00e1n, mi profesora de canto de la Escuela Superior, me ofreci\u00f3 cantar la celebre aria de Rosina \u201cUna voce poco fa\u201d, pero no encontraba ning\u00fan parecido con ella como para<span class=\"Apple-converted-space\">\u00a0 <\/span>enfrentarme a este papel y abordar el personaje. Adem\u00e1s, desde el punto de vista vocal, ten\u00eda una tesitura imposible para el punto en el que yo estaba, no ten\u00eda nada resuelto el tema de los agudos y decid\u00ed apartar el proyecto\u201d.<\/em><\/p>\n<p>Pero <em><strong>Una voce poco fa<\/strong><\/em> es el aria por excelencia de <strong>Rosina<\/strong>, con la que la protagonista se presenta de forma muy lucida en escena y con un final muy brillante. Por ello, <strong>Ana<\/strong> persisti\u00f3 en su empe\u00f1o y al a\u00f1o siguiente los agudos se resolvieron y su profesora exclam\u00f3: <em>\u226aOh Dios m\u00edo, qu\u00e9 gran momento\u226b<\/em> y le dijo que lo intentara de nuevo: <em>\u201cDe repente, conect\u00e9 con Rosina vocal y art\u00edsticamente. El proceso de aprendizaje dur\u00f3 todo el curso acad\u00e9mico pero me ha ayudado mucho a aligerar mi voz, a meterme mucho m\u00e1s en la interpretaci\u00f3n del personaje, a crecer y a divertirme, por fin, en escena. Hasta hoy, es el personaje con el que mejor he conectado y mejor me lo he pasado\u201d.<\/em><\/p>\n<p>Tanto es as\u00ed, que <strong>Ana Molina<\/strong> present\u00f3 con \u00e9xito <strong><em>Una voce poco fa<\/em><\/strong> al examen final de tercer curso de la carrera. La existencia de nuestra mezzo invitada siempre ha estado ligada al canto. De ni\u00f1a ya lo hac\u00eda en en el colegio y en el coro de la iglesia, pero nunca pens\u00f3 en dedicarse a esto: <em>\u201cEmpec\u00e9 mi carrera de Historia pensando en ser arque\u00f3loga y me incorpor\u00e9 desde el primer curso al coro de la facultad. Me encant\u00f3 ver que mi voz se desarrollaba y me apunt\u00e9 con la profesora de canto Mar\u00eda Teresa Manzano, mi maestra desde hace diez a\u00f1os y a la que no creo que deje nunca. Yo todo lo que empiezo, lo termino\u201d.<\/em><\/p>\n<p>Tras completar en la Universidad Aut\u00f3noma de Madrid el Grado en Historia (2015) y el M\u00e1ster en Educaci\u00f3n Secundaria Obligatoria (2019), <strong>Ana<\/strong> obtiene el T\u00edtulo Profesional de Canto en el Conservatorio Profesional Arturo Soria de Madrid (2020): <em>\u201cActualmente estoy en la Escuela Superior de Canto de Madrid, y creo que una vez que te pica el gusanillo del canto, es muy dif\u00edcil salir de ah\u00ed. Cada d\u00eda aprendo y disfruto con todas las asignaturas. Esta carrera es un regalo para m\u00ed.\u201d<\/em><\/p>\n<p>Volviendo a <strong>Rosina<\/strong>, <strong>Ana Molina<\/strong> nos explica que para ella es una Colombina de la Commedia Dell\u00b4Arte: <em>\u201cTiene inteligencia, ingenio, belleza y sabe de sus artes para conseguir lo que se propone. Rosina se va a salir con la suya y va a conseguir lo que quiere y a quien quiere, de manera que la presencia de Don Bartolo, que pretende casarse con ella, no es una amenaza para ella y convierte todo en una trama divertida donde sabemos que, al final, Rosina va a conseguir su objetivo\u201d.<\/em><\/p>\n<p>Para el largo trabajo de preparaci\u00f3n de un papel como el de <strong>Rosina<\/strong>, la mezzosoprano madrile\u00f1a tiene como estrategia la divisi\u00f3n en tres etapas de trabajo: mesa, partitura y art\u00edstico: <em>\u201cDurante el trabajo de mesa, te haces todas las preguntas que consideres necesarias para la construcci\u00f3n de tu personaje y con el libreto delante: \u00bfQui\u00e9n eres?; \u00bfQu\u00e9 haces en escena?; \u00bfCon qui\u00e9n est\u00e1s?;\u2026\u201d<\/em><\/p>\n<p>En una segunda fase, <strong>Ana<\/strong> analiza la estructura de la partitura y los pasajes m\u00e1s dificultosos: <em>\u201cA m\u00ed lo que m\u00e1s me cuesta es la l\u00ednea, el darle direcci\u00f3n a la obra para que las frases no queden rotas. Esto fue lo m\u00e1s importante a la hora de trabajar el aria. A pesar que tengo facilidad con las agilidades, es muy importante ejecutarlas bien para que la voz fluya. En este sentido, me gusta el s\u00edmil del surf en las olas. Cuando haces una agilidad, tienes que tener muy poco peso y sentir que surfeas cada nota d\u00e1ndole la adecuada l\u00ednea y direcci\u00f3n\u201d.<\/em><\/p>\n<p>El aspecto art\u00edstico tambi\u00e9n fue un reto para <strong>Molina<\/strong> por el car\u00e1cter del personaje: <em>\u201cEsto me result\u00f3 muy complicado porque una Colombina como Rosina tiene que ser fresca y al principio yo no consegu\u00eda esa frescura por ning\u00fan lado. Le daba mucho peso y la ve\u00eda muy diferente a mi. Pero trabajando el papel, vi que ten\u00eda dentro de m\u00ed m\u00e1s cosas de Rosina de lo que yo pensaba. Lejos de ser una chica tontita, descubr\u00ed en Rosina a una mujer muy segura. Y lo que m\u00e1s me ayud\u00f3 en la interpretaci\u00f3n fue llevarla a la diversi\u00f3n. Me dije, \u226aAna, p\u00e1satelo bien, ri\u00e9te y disfruta\u226b. Y eso me cambi\u00f3 la visi\u00f3n de todo.\u201d<\/em><\/p>\n<p>En el video adjunto, tienen una interpretaci\u00f3n de <strong>Ana Molina<\/strong> de <strong><em>Una voce poco fa<\/em><\/strong>\u00a0 Con este post les deseo a todos un Feliz A\u00f1o Nuevo lleno de salud porque estoy seguro que si ponen la determinaci\u00f3n de <strong>Ana<\/strong> \u00a0y de <strong>Rosina <\/strong>en sus proyectos,\u00a0cumplir\u00e1n sus sue\u00f1os.<\/p>\n<p>&nbsp;<\/p>\n<p><iframe loading=\"lazy\" width=\"500\" height=\"281\" src=\"https:\/\/www.youtube.com\/embed\/DNB4aMQbzGs?feature=oembed\" frameborder=\"0\" allow=\"accelerometer; autoplay; clipboard-write; encrypted-media; gyroscope; picture-in-picture\" allowfullscreen><\/iframe><\/p>\n<p>&nbsp;<\/p>\n","protected":false},"excerpt":{"rendered":"<p>Hay quien se pregunta qu\u00e9 tiene la \u00f3pera para atraer a las personas. El hecho de permanecer sentado y callado durante horas ante una historia de la que conoces todo el argumento parece inconcebible. Sin embargo, cualquiera de nosotros somos capaces de narrar una y otra vez un cuento ante la mirada de asombro de [&hellip;]<\/p>\n","protected":false},"author":24,"featured_media":0,"comment_status":"open","ping_status":"open","sticky":false,"template":"","format":"standard","meta":[],"categories":[1],"tags":[],"_links":{"self":[{"href":"https:\/\/blogs.laverdad.es\/musicainesperada\/wp-json\/wp\/v2\/posts\/2038"}],"collection":[{"href":"https:\/\/blogs.laverdad.es\/musicainesperada\/wp-json\/wp\/v2\/posts"}],"about":[{"href":"https:\/\/blogs.laverdad.es\/musicainesperada\/wp-json\/wp\/v2\/types\/post"}],"author":[{"embeddable":true,"href":"https:\/\/blogs.laverdad.es\/musicainesperada\/wp-json\/wp\/v2\/users\/24"}],"replies":[{"embeddable":true,"href":"https:\/\/blogs.laverdad.es\/musicainesperada\/wp-json\/wp\/v2\/comments?post=2038"}],"version-history":[{"count":4,"href":"https:\/\/blogs.laverdad.es\/musicainesperada\/wp-json\/wp\/v2\/posts\/2038\/revisions"}],"predecessor-version":[{"id":2051,"href":"https:\/\/blogs.laverdad.es\/musicainesperada\/wp-json\/wp\/v2\/posts\/2038\/revisions\/2051"}],"wp:attachment":[{"href":"https:\/\/blogs.laverdad.es\/musicainesperada\/wp-json\/wp\/v2\/media?parent=2038"}],"wp:term":[{"taxonomy":"category","embeddable":true,"href":"https:\/\/blogs.laverdad.es\/musicainesperada\/wp-json\/wp\/v2\/categories?post=2038"},{"taxonomy":"post_tag","embeddable":true,"href":"https:\/\/blogs.laverdad.es\/musicainesperada\/wp-json\/wp\/v2\/tags?post=2038"}],"curies":[{"name":"wp","href":"https:\/\/api.w.org\/{rel}","templated":true}]}}