{"id":2057,"date":"2022-01-30T17:39:11","date_gmt":"2022-01-30T16:39:11","guid":{"rendered":"https:\/\/blogs.laverdad.es\/musicainesperada\/?p=2057"},"modified":"2022-01-31T00:19:20","modified_gmt":"2022-01-30T23:19:20","slug":"los-brazos-ignorados","status":"publish","type":"post","link":"https:\/\/blogs.laverdad.es\/musicainesperada\/2022\/01\/30\/los-brazos-ignorados\/","title":{"rendered":"Los brazos ignorados"},"content":{"rendered":"<p>A lo largo de estos casi dos a\u00f1os de pandemia son multitud las actividades profesionales y acciones desinteresadas que han sido reconocidas y aplaudidas. Tambi\u00e9n ha aumentado el protagonismo de las miradas que destacan por encima de las inexpresivas m\u00e1scaras, el de las orejas que las sustentan en la cara y, sobre todo, el de los brazos que se activan para ayudar a los dem\u00e1s y buscan los codos amigos o, por el contrario, esperan inm\u00f3viles a recibir una<span class=\"Apple-converted-space\">\u00a0 <\/span>merecida inmunizaci\u00f3n.<\/p>\n<p>En cierto que hay brazos que han quedado repentina y permanentemente paralizados en su quehacer durante la covid-19 y que pertenecen a casi todos los estamentos sociales y profesionales. Me refiero a la regresi\u00f3n sufrida por la hosteler\u00eda, servicios de seguridad, la industria, el transporte, los servicios, el mantenimiento y en los escenarios donde se disfruta y se comparte la cultura, entre otros.<\/p>\n<p>La pandemia ha tenido especial repercusi\u00f3n en las orquestas profesionales de todo el planeta. Las batutas, violines, violas, violonchelos, contrabajos, clarinetes, flautas, oboes, fagotes, trombones, trompetas, tubas, pianos y timbales, han seguido en los brazos de personas que ofrecen lo mejor de ellas, sin la posibilidad de hacer m\u00fasica en grupo ni de sentir la proximidad del p\u00fablico en las butacas de la sala.<\/p>\n<p>Afortunadamente, la vida orquestal va recuperando parte de las palpitaciones de anta\u00f1o y, ajena a las restricciones, preparan los programas como si el aforo de la sala fuese a llenarse al completo. El p\u00fablico, sin embargo acude al auditorio de forma muy gradual a pesar de las medidas de seguridad. Es comprensible que las personas con m\u00e1s edad sacrifiquen su pasi\u00f3n por la m\u00fasica cl\u00e1sica en directo ante la vulnerabilidad frente a un enemigo invisible y en cierto modo imprevisible.<\/p>\n<p>La incertidumbre ha sustituido al mel\u00f3mano en la sala de conciertos, pero la orquesta necesita seguir en actividad para mantener el nivel art\u00edstico y profesional que debe exigirse. Por ello, los ciudadanos debemos hacer un esfuerzo para salir de la zona de inquietud y ocupar nuestro lugar en el ecosistema de la cultura.<\/p>\n<p>El pr\u00f3ximo jueves d\u00eda 3 de febrero la <em><strong>Orquesta Sinf\u00f3nica de la Regi\u00f3n de Murcia<\/strong><\/em> vuelve a escena. Interpretar\u00e1n el <strong><em>Nocturno Sinf\u00f3nico<\/em><\/strong> de <strong>Fern\u00e1ndez-Barrero<\/strong>, los <em><strong>Nocturnos de Andaluc\u00eda para piano y orquesta<\/strong><\/em>\u00a0de <strong>Palomo<\/strong> y las <strong><em>Variaciones Enigma<\/em><\/strong> de <strong>Elgar<\/strong>, bajo la direcci\u00f3n de Ram\u00f3n Tebar y la actuaci\u00f3n de la pianista Judith J\u00e1uregui.<\/p>\n<p>Desde estas p\u00e1ginas, les animo a ir al concierto siguiendo las medidas de seguridad establecidas. Escuchar\u00e1n un programa muy atractivo y apoyar\u00e1n a nuestros m\u00fasicos en un d\u00eda especialmente importante para ellos. Al mismo tiempo, le har\u00e1n un gui\u00f1o a <strong>Edward Elgar<\/strong>, un compositor que en las <strong><em>Variaciones Enigma opus 36<\/em><\/strong> no s\u00f3lo hizo un alegato a la amistad, sino a la fidelidad. En el audio adjunto escuchar\u00e1n la novena variaci\u00f3n (<em>Memrod. Adagio<\/em>), dedicada a su amigo y colaborador August Jaeger, que trabajaba para la editorial musical Novello. En el \u00fanico momento en el que <strong>Elgar<\/strong> se aleja de las tonalidades de do y sol,<span class=\"Apple-converted-space\">\u00a0 <\/span>crea una emotiva pieza en mi bemol que rinde homenaje a una persona que siempre lo apoy\u00f3, tanto en los momentos felices como en los m\u00e1s dif\u00edciles de su existencia.<span class=\"Apple-converted-space\">\u00a0<\/span><\/p>\n<p>Ojal\u00e1 la intensidad de este fragmento orquestal de <strong>Elgar<\/strong> sirva para despertar y activar consciencias que, con un generoso gesto, contribuyan a proteger uno de los bienes culturales fundamentales, la m\u00fasica.<\/p>\n<p><iframe loading=\"lazy\" width=\"500\" height=\"281\" src=\"https:\/\/www.youtube.com\/embed\/7iM5dymBBI4?feature=oembed\" frameborder=\"0\" allow=\"accelerometer; autoplay; clipboard-write; encrypted-media; gyroscope; picture-in-picture\" allowfullscreen><\/iframe><\/p>\n<p>&nbsp;<\/p>\n","protected":false},"excerpt":{"rendered":"<p>A lo largo de estos casi dos a\u00f1os de pandemia son multitud las actividades profesionales y acciones desinteresadas que han sido reconocidas y aplaudidas. Tambi\u00e9n ha aumentado el protagonismo de las miradas que destacan por encima de las inexpresivas m\u00e1scaras, el de las orejas que las sustentan en la cara y, sobre todo, el de [&hellip;]<\/p>\n","protected":false},"author":24,"featured_media":0,"comment_status":"open","ping_status":"open","sticky":false,"template":"","format":"standard","meta":[],"categories":[1],"tags":[],"_links":{"self":[{"href":"https:\/\/blogs.laverdad.es\/musicainesperada\/wp-json\/wp\/v2\/posts\/2057"}],"collection":[{"href":"https:\/\/blogs.laverdad.es\/musicainesperada\/wp-json\/wp\/v2\/posts"}],"about":[{"href":"https:\/\/blogs.laverdad.es\/musicainesperada\/wp-json\/wp\/v2\/types\/post"}],"author":[{"embeddable":true,"href":"https:\/\/blogs.laverdad.es\/musicainesperada\/wp-json\/wp\/v2\/users\/24"}],"replies":[{"embeddable":true,"href":"https:\/\/blogs.laverdad.es\/musicainesperada\/wp-json\/wp\/v2\/comments?post=2057"}],"version-history":[{"count":5,"href":"https:\/\/blogs.laverdad.es\/musicainesperada\/wp-json\/wp\/v2\/posts\/2057\/revisions"}],"predecessor-version":[{"id":2063,"href":"https:\/\/blogs.laverdad.es\/musicainesperada\/wp-json\/wp\/v2\/posts\/2057\/revisions\/2063"}],"wp:attachment":[{"href":"https:\/\/blogs.laverdad.es\/musicainesperada\/wp-json\/wp\/v2\/media?parent=2057"}],"wp:term":[{"taxonomy":"category","embeddable":true,"href":"https:\/\/blogs.laverdad.es\/musicainesperada\/wp-json\/wp\/v2\/categories?post=2057"},{"taxonomy":"post_tag","embeddable":true,"href":"https:\/\/blogs.laverdad.es\/musicainesperada\/wp-json\/wp\/v2\/tags?post=2057"}],"curies":[{"name":"wp","href":"https:\/\/api.w.org\/{rel}","templated":true}]}}