{"id":2065,"date":"2022-03-05T20:11:14","date_gmt":"2022-03-05T19:11:14","guid":{"rendered":"https:\/\/blogs.laverdad.es\/musicainesperada\/?p=2065"},"modified":"2022-03-05T20:11:14","modified_gmt":"2022-03-05T19:11:14","slug":"salto-de-octava","status":"publish","type":"post","link":"https:\/\/blogs.laverdad.es\/musicainesperada\/2022\/03\/05\/salto-de-octava\/","title":{"rendered":"Salto de octava"},"content":{"rendered":"<p>Mi colaboraci\u00f3n con el <em><strong>Diario La Verdad<\/strong><\/em> ha pasado desde el mes de febrero a la secci\u00f3n de Cultura, donde escribir\u00e9 art\u00edculos de opini\u00f3n sobre m\u00fasica cl\u00e1sica.<\/p>\n<p>Para los lectores que deseen acceder a esta nueva etapa de <strong>M\u00fasica Inesperada<\/strong> disponen de este enlace:<\/p>\n<p>&nbsp;<\/p>\n<p><strong>https:\/\/www.laverdad.es\/autor\/carlos-escobar-4931.html<\/strong><\/p>\n","protected":false},"excerpt":{"rendered":"<p>Mi colaboraci\u00f3n con el Diario La Verdad ha pasado desde el mes de febrero a la secci\u00f3n de Cultura, donde escribir\u00e9 art\u00edculos de opini\u00f3n sobre m\u00fasica cl\u00e1sica. Para los lectores que deseen acceder a esta nueva etapa de M\u00fasica Inesperada disponen de este enlace: &nbsp; https:\/\/www.laverdad.es\/autor\/carlos-escobar-4931.html<\/p>\n","protected":false},"author":24,"featured_media":0,"comment_status":"open","ping_status":"open","sticky":false,"template":"","format":"standard","meta":[],"categories":[1],"tags":[],"_links":{"self":[{"href":"https:\/\/blogs.laverdad.es\/musicainesperada\/wp-json\/wp\/v2\/posts\/2065"}],"collection":[{"href":"https:\/\/blogs.laverdad.es\/musicainesperada\/wp-json\/wp\/v2\/posts"}],"about":[{"href":"https:\/\/blogs.laverdad.es\/musicainesperada\/wp-json\/wp\/v2\/types\/post"}],"author":[{"embeddable":true,"href":"https:\/\/blogs.laverdad.es\/musicainesperada\/wp-json\/wp\/v2\/users\/24"}],"replies":[{"embeddable":true,"href":"https:\/\/blogs.laverdad.es\/musicainesperada\/wp-json\/wp\/v2\/comments?post=2065"}],"version-history":[{"count":1,"href":"https:\/\/blogs.laverdad.es\/musicainesperada\/wp-json\/wp\/v2\/posts\/2065\/revisions"}],"predecessor-version":[{"id":2066,"href":"https:\/\/blogs.laverdad.es\/musicainesperada\/wp-json\/wp\/v2\/posts\/2065\/revisions\/2066"}],"wp:attachment":[{"href":"https:\/\/blogs.laverdad.es\/musicainesperada\/wp-json\/wp\/v2\/media?parent=2065"}],"wp:term":[{"taxonomy":"category","embeddable":true,"href":"https:\/\/blogs.laverdad.es\/musicainesperada\/wp-json\/wp\/v2\/categories?post=2065"},{"taxonomy":"post_tag","embeddable":true,"href":"https:\/\/blogs.laverdad.es\/musicainesperada\/wp-json\/wp\/v2\/tags?post=2065"}],"curies":[{"name":"wp","href":"https:\/\/api.w.org\/{rel}","templated":true}]}}