{"id":208,"date":"2013-09-19T13:45:56","date_gmt":"2013-09-19T13:45:56","guid":{"rendered":"http:\/\/blogs.laverdad.es\/musicainesperada\/?p=208"},"modified":"2013-09-19T13:45:56","modified_gmt":"2013-09-19T13:45:56","slug":"los-perfiles-del-violin","status":"publish","type":"post","link":"https:\/\/blogs.laverdad.es\/musicainesperada\/2013\/09\/19\/los-perfiles-del-violin\/","title":{"rendered":"Los perfiles del viol\u00edn."},"content":{"rendered":"<p>&nbsp;<\/p>\n<p><a href=\"\/musicainesperada\/wp-content\/uploads\/sites\/23\/2013\/09\/Foto-Sa\u00fal1.jpg\"><img loading=\"lazy\" class=\"aligncenter size-medium wp-image-210\" title=\"Foto Sa\u00fal\" src=\"\/musicainesperada\/wp-content\/uploads\/sites\/23\/2013\/09\/Foto-Sa\u00fal1.jpg\" alt=\"\" width=\"300\" height=\"201\" srcset=\"https:\/\/static-blogs.laverdad.es\/wp-content\/uploads\/sites\/23\/2013\/09\/Foto-Sa\u00fal1.jpg 2896w, https:\/\/static-blogs.laverdad.es\/wp-content\/uploads\/sites\/23\/2013\/09\/Foto-Sa\u00fal1-300x201.jpg 300w, https:\/\/static-blogs.laverdad.es\/wp-content\/uploads\/sites\/23\/2013\/09\/Foto-Sa\u00fal1-768x516.jpg 768w, https:\/\/static-blogs.laverdad.es\/wp-content\/uploads\/sites\/23\/2013\/09\/Foto-Sa\u00fal1-1024x687.jpg 1024w\" sizes=\"(max-width: 300px) 100vw, 300px\" \/><\/a><\/p>\n<p>&nbsp;<\/p>\n<p>Ma\u00f1ana viernes arranca la temporada de m\u00fasica orquestal en el Auditorio V\u00edctor Villegas. El compositor protagonista es <strong>F\u00e9lix Mendelssohn<\/strong> (1809-1847), ya que, a lo largo de este curso, escucharemos su corpus sinf\u00f3nico completo.<\/p>\n<p><span style=\"font-size: 13px;\">En la primera l\u00ednea de los atriles de la <strong>Orquesta Sinf\u00f3nica de la Regi\u00f3n de Murcia<\/strong> se sit\u00faa <strong>Sa\u00fal Romero Gil<\/strong>, uno de los violinistas m\u00e1s relevantes de esta formaci\u00f3n. Este joven m\u00fasico nacido en Las Palmas de Gran Canaria y que inicia sus estudios en Murcia, opina que <em>\u201cinterpretar la integral de las sinfon\u00edas de Mendelssohn en una misma temporada es una oportunidad \u00fanica para un m\u00fasico de orquesta\u201d.<\/em><\/span><\/p>\n<p><span style=\"font-size: 13px;\"><strong>Sa\u00fal<\/strong> ha interpretado pasajes de cuerdas tanto en el grupo de primeros violines como de los segundos y nos explica los dos perfiles de este instrumento: <em>\u201cLos primeros violines tienen m\u00e1s protagonismo, ya que gran parte de la l\u00ednea mel\u00f3dica est\u00e1 escrita en esta voz y su registro destaca al ser m\u00e1s agudo. Los segundos violines pasan m\u00e1s desapercibidos. A veces, comparten protagonismo con los violines primeros y refuerzan su melod\u00eda en una octava distinta. La mayor\u00eda de las veces, la voz de segundos violines se centra en el acompa\u00f1amiento y en pasajes contrapunt\u00edsticos o de armon\u00edas, lo que no siempre es sencillo.\u201d<\/em><\/span><\/p>\n<p><span style=\"font-size: 13px;\">Es evidente que <strong>Sa\u00fal Romero<\/strong> disfruta mucho de su trabajo: <em>\u201cPara m\u00ed es muy gratificante formar parte de la arquitectura de la m\u00fasica, especialmente en la parte que est\u00e1 pero que no se ve en primer plano. Ese tejido interno da sentido, color y forma a la m\u00fasica sinf\u00f3nica\u201d.<\/em><\/span><\/p>\n<p><span style=\"font-size: 13px;\">Las c\u00e9lebres <strong><em>sinfon\u00edas n\u00fameros 3 \u201cEscocesa\u201d y 4 \u201cItaliana\u201d<\/em><\/strong> son las que abren el ciclo sobre <strong>Mendelssohn<\/strong>, un rom\u00e1ntico at\u00edpico por gozar de un envidiable bienestar personal, social, profesional, cultural y econ\u00f3mico. Para <strong>Sa\u00fal<\/strong>, <em>\u201clas im\u00e1genes que evoca el compositor mediante las referencias folcl\u00f3ricas en la sinfon\u00eda italiana o la descripci\u00f3n del ambiente y la atm\u00f3sfera de Escocia, hacen que la audici\u00f3n de estas obras sea una experiencia muy interesante\u201d.<\/em><\/span><\/p>\n<p><span style=\"font-size: 13px;\">Para este violinista, \u201c<em>a pesar de que relacionamos la m\u00fasica de estas sinfon\u00edas con el t\u00edtulo que tienen y con la descripci\u00f3n de la bruma, ruinas y paisajes de Escocia, as\u00ed como con la vitalidad y el ambiente festivo de Italia, prefiero que lo musical se asocie a otras im\u00e1genes o estados de \u00e1nimo\u201d. <\/em><strong>Sa\u00fal<\/strong> considera que<em> \u201cel comienzo en\u00e9rgico y vital de la sinfon\u00eda \u201cItaliana\u201d le evoca pensamientos y experiencias positivas. \u201c<\/em><\/span><\/p>\n<p><span style=\"font-size: 13px;\">Sobre los pasajes en los que el p\u00fablico debe estar m\u00e1s atento para seguir la contribuci\u00f3n de los segundos violines, el m\u00fasico\u00a0destaca <em>\u201cel primer tema lleno de optimismo y vitalidad de la 4\u00aa sinfon\u00eda,\u00a0 \u201cItaliana\u201d, donde los primeros y segundos violines tocan a una distancia de octavas. Desde el punto de vista t\u00e9cnico, es importante conseguir un sonido lleno, que de cuerpo y apoyo a la parte m\u00e1s aguda de los primeros violines. Otro pasaje muy reconocible es el movimiento continuo de corcheas ligadas del tercer movimiento, en el que la directora nos pide que nos inspiremos en el movimiento del agua\u201d.<\/em><\/span><\/p>\n<p><span style=\"font-size: 13px;\">En la <em><strong>sinfon\u00eda \u201cEscocesa\u201d<\/strong><\/em> tambi\u00e9n hay pasajes muy interesantes para <strong>Romero<\/strong>: <em>\u201cEn el segundo movimiento, al tiempo que el clarinete canta el tema, los violines tocan un pasaje ostinato de semicorcheas para dar una respuesta con un matiz lleno de ligereza. En el tercer movimiento, los segundos violines tienen, junto a las violas, un papel de acompa\u00f1amiento en pizzicato para primeros violines, chelos y trompa muy interesante, como si se tratara de un arpa.\u201d \u00a0<\/em><\/span><\/p>\n<p><strong><em><span style=\"font-size: 13px; color: #993366;\">Murcia, viernes 20 de septiembre de 2013, 20 horas. <\/span><\/em><\/strong><em><span style=\"font-size: 13px; color: #993366;\">Auditorio V\u00edctor Villegas. Obertura de las trompetas op.101 y Sinfon\u00edas n\u00ba 3 y n\u00ba 4 de Mendelssohn. Orquesta Sinf\u00f3nica dela Regi\u00f3nde Murcia. Virginia Mart\u00ednez (Direcci\u00f3n musical).<\/span><\/em><em><span style=\"font-size: 13px; color: #993366;\">\u00a0<\/span><\/em><strong style=\"font-size: 13px;\"><em><span style=\"color: #993366;\">Charla preconcierto a las 19 horas<\/span><\/em>.<\/strong><\/p>\n","protected":false},"excerpt":{"rendered":"<p>&nbsp; &nbsp; Ma\u00f1ana viernes arranca la temporada de m\u00fasica orquestal en el Auditorio V\u00edctor Villegas. El compositor protagonista es F\u00e9lix Mendelssohn (1809-1847), ya que, a lo largo de este curso, escucharemos su corpus sinf\u00f3nico completo. En la primera l\u00ednea de los atriles de la Orquesta Sinf\u00f3nica de la Regi\u00f3n de Murcia se sit\u00faa Sa\u00fal Romero [&hellip;]<\/p>\n","protected":false},"author":24,"featured_media":0,"comment_status":"open","ping_status":"open","sticky":false,"template":"","format":"standard","meta":[],"categories":[19],"tags":[],"_links":{"self":[{"href":"https:\/\/blogs.laverdad.es\/musicainesperada\/wp-json\/wp\/v2\/posts\/208"}],"collection":[{"href":"https:\/\/blogs.laverdad.es\/musicainesperada\/wp-json\/wp\/v2\/posts"}],"about":[{"href":"https:\/\/blogs.laverdad.es\/musicainesperada\/wp-json\/wp\/v2\/types\/post"}],"author":[{"embeddable":true,"href":"https:\/\/blogs.laverdad.es\/musicainesperada\/wp-json\/wp\/v2\/users\/24"}],"replies":[{"embeddable":true,"href":"https:\/\/blogs.laverdad.es\/musicainesperada\/wp-json\/wp\/v2\/comments?post=208"}],"version-history":[{"count":0,"href":"https:\/\/blogs.laverdad.es\/musicainesperada\/wp-json\/wp\/v2\/posts\/208\/revisions"}],"wp:attachment":[{"href":"https:\/\/blogs.laverdad.es\/musicainesperada\/wp-json\/wp\/v2\/media?parent=208"}],"wp:term":[{"taxonomy":"category","embeddable":true,"href":"https:\/\/blogs.laverdad.es\/musicainesperada\/wp-json\/wp\/v2\/categories?post=208"},{"taxonomy":"post_tag","embeddable":true,"href":"https:\/\/blogs.laverdad.es\/musicainesperada\/wp-json\/wp\/v2\/tags?post=208"}],"curies":[{"name":"wp","href":"https:\/\/api.w.org\/{rel}","templated":true}]}}