{"id":212,"date":"2013-09-28T21:50:02","date_gmt":"2013-09-28T21:50:02","guid":{"rendered":"http:\/\/blogs.laverdad.es\/musicainesperada\/?p=212"},"modified":"2013-09-28T21:50:02","modified_gmt":"2013-09-28T21:50:02","slug":"nessun-fumi","status":"publish","type":"post","link":"https:\/\/blogs.laverdad.es\/musicainesperada\/2013\/09\/28\/nessun-fumi\/","title":{"rendered":"Nessun fumi."},"content":{"rendered":"<p>&nbsp;<\/p>\n<p><a href=\"\/musicainesperada\/wp-content\/uploads\/sites\/23\/2013\/09\/PUCCINI-FUMA.jpg\"><img loading=\"lazy\" class=\"aligncenter size-full wp-image-213\" title=\"PUCCINI FUMA\" src=\"\/musicainesperada\/wp-content\/uploads\/sites\/23\/2013\/09\/PUCCINI-FUMA.jpg\" alt=\"\" width=\"194\" height=\"260\" \/><\/a><\/p>\n<p>&nbsp;<\/p>\n<p><strong>Giacomo Puccini<\/strong> (1958-1924) es un compositor de \u00f3peras muy singular. Seg\u00fan <strong>N\u00e9stor Luj\u00e1n<\/strong>: <em>&#8220;Pocos hombres han conocido tan astutamente los resortes de la teatralidad, el juego esc\u00e9nico y el comercio l\u00edrico de las emociones&#8221;.<\/em><\/p>\n<p><span style=\"font-size: 13px;\">El compositor de Lucca (Italia) cuida con especial esmero al personaje femenino de sus \u00f3peras. Como ver\u00e1n, es parad\u00f3jico que, de todo el amor que deposita <strong>Giacomo<\/strong> en el \u00f3rgano vocal de las sopranos, no guarde un poco para su propia laringe. <\/span><\/p>\n<p><span style=\"font-size: 13px;\"><strong>Puccini<\/strong> es un hombre melanc\u00f3lico con tendencia a la depresi\u00f3n, esposo de una mujer extremadamente celosa y consumidor de cuarenta cigarrillos Abdulah. En el a\u00f1o 1921 inicia la composici\u00f3n de <em><strong>&#8220;Turandot&#8221;<\/strong><\/em> pero no consigue finalizarla por motivos de salud.<\/span><\/p>\n<p>En el mes de Febrero de 1924, con el segundo acto de la \u00f3pera terminado, <strong>Puccini<\/strong> consulta a distintos m\u00e9dicos por molestias en la garganta sin mejor\u00eda con los tratamientos propuestos. En oto\u00f1o, los s\u00edntomas empeoran y sufre de disfon\u00eda y masas en el cuello. El otorrinolaring\u00f3logo florentino <strong>Torrigiani<\/strong> le diagnostica un c\u00e1ncer de laringe en estado avanzado que confirma con una biopsia.<\/p>\n<p>Entre 1925 y 1940, la radioterapia es el tratamiento de elecci\u00f3n en Europa y Am\u00e9rica para los tumores lar\u00edngeos. Una vez descartada la opci\u00f3n quir\u00fargica en el m\u00fasico (es diab\u00e9tico desde hace tiempo), el <strong>Doctor Ledoux<\/strong> del Institut de la Couronn\u00e9 de Bruselas, inicia el tratamiento con radio. <strong>Puccini<\/strong> escribe a un amigo: <em>&#8220;\u00a1<span style=\"font-size: 13px;\">Estoy siendo crucificado como Cristo!&#8221;<\/span><\/em><\/p>\n<p>Posteriomente, el 24 de Noviembre, el <strong>Dr. Ledoux<\/strong> coloca varias agujas radioactivasen la garganta de <strong>Giacomo<\/strong> en una intervenci\u00f3n bajo anestesia local que dura 3 horas y 40 minutos. Al paciente se le realiza una traqueotom\u00eda y se le inserta una sonda de alimentaci\u00f3n por la nariz. <strong>Puccini<\/strong> manifiesta:<em> &#8220;Siento como si tuvieses bayonetas en mi garganta&#8221;.<\/em><\/p>\n<p>A pesar del optimismo del m\u00e9dico, a los cuatro d\u00edas <strong>Puccini<\/strong> sufre un ataque card\u00edaco y una hemorragia de la herida. Al d\u00eda siguiente, fallece al alba, al contrario de lo que afirma su personaje, el <strong>Pr\u00edncipe Calaf<\/strong>, al final del aria de <em><strong>&#8220;Turandot &#8220;<\/strong><\/em> &#8220;Nessun dorma&#8221; (&#8220;Que nadie duerma&#8221;), cuando canta &#8220;All\u00b4alba vincer\u00f2&#8221;.<\/p>\n<p>La composici\u00f3n y orquestaci\u00f3n de los quince \u00faltimos minutos de esta famosa \u00f3pera son completados por su disc\u00edpulo <strong>Franco Alfano<\/strong>. El d\u00eda de San Marcos de 1926, <strong>Arturo Toscanini<\/strong> estrena <strong><em>&#8220;Turandot&#8221;<\/em><\/strong> en La Scala de Mil\u00e1n. Cuando la representaci\u00f3n llega a la escena de la muerte de <strong>Li\u00f9<\/strong>, el director deja la batuta en el atril, se gira al p\u00fablico y dice: <em>&#8220;Aqu\u00ed se acaba la \u00f3pera del maestro. Hab\u00eda escrito hasta aqu\u00ed cuando muri\u00f3&#8221;.<\/em> Inmediatamente baja el tel\u00f3n.<\/p>\n<p>Les dejo con <strong>Pavarotti<\/strong> y el aria <strong>&#8220;Nessun fumi&#8221;<\/strong> (&#8220;Que nadie fume&#8221;). \u00a1Perd\u00f3n! Quer\u00eda decir &#8220;Nessun dorma&#8221;&#8230;<\/p>\n<p><span style=\"font-size: 13px;\">\u00a0<\/span><\/p>\n<p><iframe loading=\"lazy\" src=\"\/\/www.youtube.com\/embed\/gQTIrebbJVY\" frameborder=\"0\" width=\"420\" height=\"315\"><\/iframe><\/p>\n","protected":false},"excerpt":{"rendered":"<p>&nbsp; &nbsp; Giacomo Puccini (1958-1924) es un compositor de \u00f3peras muy singular. Seg\u00fan N\u00e9stor Luj\u00e1n: &#8220;Pocos hombres han conocido tan astutamente los resortes de la teatralidad, el juego esc\u00e9nico y el comercio l\u00edrico de las emociones&#8221;. El compositor de Lucca (Italia) cuida con especial esmero al personaje femenino de sus \u00f3peras. Como ver\u00e1n, es parad\u00f3jico [&hellip;]<\/p>\n","protected":false},"author":24,"featured_media":0,"comment_status":"open","ping_status":"open","sticky":false,"template":"","format":"standard","meta":[],"categories":[13],"tags":[],"_links":{"self":[{"href":"https:\/\/blogs.laverdad.es\/musicainesperada\/wp-json\/wp\/v2\/posts\/212"}],"collection":[{"href":"https:\/\/blogs.laverdad.es\/musicainesperada\/wp-json\/wp\/v2\/posts"}],"about":[{"href":"https:\/\/blogs.laverdad.es\/musicainesperada\/wp-json\/wp\/v2\/types\/post"}],"author":[{"embeddable":true,"href":"https:\/\/blogs.laverdad.es\/musicainesperada\/wp-json\/wp\/v2\/users\/24"}],"replies":[{"embeddable":true,"href":"https:\/\/blogs.laverdad.es\/musicainesperada\/wp-json\/wp\/v2\/comments?post=212"}],"version-history":[{"count":0,"href":"https:\/\/blogs.laverdad.es\/musicainesperada\/wp-json\/wp\/v2\/posts\/212\/revisions"}],"wp:attachment":[{"href":"https:\/\/blogs.laverdad.es\/musicainesperada\/wp-json\/wp\/v2\/media?parent=212"}],"wp:term":[{"taxonomy":"category","embeddable":true,"href":"https:\/\/blogs.laverdad.es\/musicainesperada\/wp-json\/wp\/v2\/categories?post=212"},{"taxonomy":"post_tag","embeddable":true,"href":"https:\/\/blogs.laverdad.es\/musicainesperada\/wp-json\/wp\/v2\/tags?post=212"}],"curies":[{"name":"wp","href":"https:\/\/api.w.org\/{rel}","templated":true}]}}