{"id":215,"date":"2013-10-02T21:20:14","date_gmt":"2013-10-02T21:20:14","guid":{"rendered":"http:\/\/blogs.laverdad.es\/musicainesperada\/?p=215"},"modified":"2013-10-02T21:20:14","modified_gmt":"2013-10-02T21:20:14","slug":"la-luz-de-una-oracion","status":"publish","type":"post","link":"https:\/\/blogs.laverdad.es\/musicainesperada\/2013\/10\/02\/la-luz-de-una-oracion\/","title":{"rendered":"La luz de una oraci\u00f3n."},"content":{"rendered":"<p><img loading=\"lazy\" class=\"aligncenter size-full wp-image-216\" title=\"Foto Carmen reducida\" src=\"\/musicainesperada\/wp-content\/uploads\/sites\/23\/2013\/10\/Foto-Carmen-reducida.jpg\" alt=\"\" width=\"685\" height=\"451\" srcset=\"https:\/\/static-blogs.laverdad.es\/wp-content\/uploads\/sites\/23\/2013\/10\/Foto-Carmen-reducida.jpg 685w, https:\/\/static-blogs.laverdad.es\/wp-content\/uploads\/sites\/23\/2013\/10\/Foto-Carmen-reducida-300x198.jpg 300w\" sizes=\"(max-width: 685px) 100vw, 685px\" \/><\/p>\n<p>&nbsp;<\/p>\n<p><span style=\"font-size: 13px;\">Hace unos meses comentamos el dramatismo contenido en la plegaria del torero antes de entrar en la plaza y el contraste que existe entre este momento personal e \u00edntimo y el bullicio del animoso p\u00fablico que espera disfrutar del espect\u00e1culo. La historia de la \u00f3pera est\u00e1 plagada de intensos momentos de invocaci\u00f3n con promesas de intercesi\u00f3n.<\/span><\/p>\n<p><span style=\"font-size: 13px;\">Con motivo de la interesante mesa redonda-concierto del pr\u00f3ximo lunes en el Casino de Murcia en torno al perfil humano de los personajes <em><strong>\u201cIsolda\u201d y \u201cOtelo\u201d<\/strong><\/em>, conversamos con la soprano valenciana <strong>Carmen Avivar<\/strong> sobre su visi\u00f3n de la \u00f3pera de <strong>Verdi.<\/strong><\/span><\/p>\n<div>\n<p><span style=\"font-size: 13px;\"><strong>Carmen<\/strong> participa tanto en la mesa redonda como ponente como en el concierto cantando el papel de <strong><em>Desd\u00e9mona<\/em><\/strong>. Junto al tenor <strong>Eduardo Garc\u00eda Sandoval<\/strong> en el papel de <strong><em>Otelo <\/em><\/strong>y al pianista<strong><em> Francisco C\u00e1novas<\/em><\/strong>, interpretar\u00e1 el d\u00fao del primer acto y posteriormente cantar\u00e1 el famoso<strong><em> \u201cAve Mar\u00eda\u201d<\/em><\/strong> del cuarto acto: <em>\u201cDesd\u00e9mona es, en mi opini\u00f3n, un personaje con un canto expresivo, dulce y rico en color. El papel de soprano\u00a0l\u00edrico est\u00e1 lleno de matizaciones, pianos y medias voces, como bien indica la partitura musical\u201d.<\/em><\/span><\/p>\n<p><span style=\"font-size: 13px;\"><strong>Verdi<\/strong> escribe para <strong><em>Desd\u00e9mona<\/em><\/strong> una m\u00fasica llena de luz y lirismo, de forma que el personaje se nos muestra como un \u00e1ngel bondadoso, fiel y dispuesto a perdonar. En el cuarto acto, el <em><strong>\u201caria del Salce (Sauce)\u201d<\/strong><\/em> refleja el temor de la esposa de <strong><em>Otelo<\/em><\/strong> por sus terribles presentimientos. Para <strong>Carmen<\/strong>, <em>\u201ceste es el momento m\u00e1s importante, ya que la narraci\u00f3n de la triste historia\u00a0sobre B\u00e1rbara, una dama de compa\u00f1\u00eda abandonada por un hombre,\u00a0es el presagio de lo que luego suceder\u00e1\u201d.<\/em><\/span><\/p>\n<div>\n<p><span style=\"font-size: 13px;\">A continuaci\u00f3n, el compositor italiano crea un momento muy especial antes de la tragedia mediante la m\u00fasica sollozante de los violines, violas y violonchelos, como define <strong>Eugenio Tr\u00edas<\/strong> en su libro <em><strong>\u201cLa imaginaci\u00f3n sonora\u201d<\/strong><\/em>. <em><strong>Desd\u00e9mona<\/strong><\/em> en el aria <strong><em>\u201c<\/em><em>Ave Mar\u00eda\u201d<\/em><\/strong> pide auxilio en sus \u00faltimos minutos de vida, pero su oraci\u00f3n llena de luz nadie parece escucharla en el cielo. Este fragmento oper\u00edstico contiene seg\u00fan\u00a0<strong>Carmen<\/strong>\u00a0<em>\u201cun\u00a0dulce tono escrito en\u00a0Mi bemol,\u00a0<\/em><\/span><em><span style=\"font-size: 13px;\">muy recogido y \u00edntimo, que crea un momento de meditaci\u00f3n intenso desde el punto de vista emocional y espiritual y que yo disfruto much\u00edsimo interpret\u00e1ndolo\u201d.<\/span><\/em><\/p>\n<p><span style=\"font-size: 13px;\">La soprano valenciana perfecciona estudios con <strong>Magda Olivero, Renata Scotto, Elena Obratsova, Cervera Collado y Lorenzo Petri<\/strong>, entre otros, y debuta como soprano en el papel de<strong><em> Musetta (La Boh\u00e8me)<\/em><\/strong> y ha cantado el de <strong><em>Pamina (La Flauta M\u00e1gica), Lauretta (Gianni Schicchi), Amina (La Son\u00e1mbula) y Luc\u00eda de Lammermoor<\/em><\/strong>. Sobre el papel de <em><strong>Desd\u00e9mona,<\/strong><\/em> <strong>Carmen<\/strong> afirma que <em>\u201cme\u00a0enriquece mucho\u00a0en lo musical\u00a0porque es una partitura dif\u00edcil,\u00a0con gran\u00a0exigencia vocal y que requiere muy buena preparaci\u00f3n desde el punto de vista t\u00e9cnico e interpretativo\u201d.<\/em><\/span><\/p>\n<p><span style=\"font-size: 13px;\">Sobre la personalidad de <em><strong>Isolda y Otelo<\/strong><\/em>, hablaremos con <strong>Carmen<\/strong> en el Casino.<\/span><\/p>\n<p>&nbsp;<\/p>\n<p><strong><em><span style=\"font-size: 13px; color: #888888;\">Lunes 7 de octubre de 2013, 20 horas. \u201cIsolda y Otelo\u201d <\/span><\/em><\/strong><em><span style=\"font-size: 13px; color: #888888;\">Mesa redonda con fragmentos cantados y recitados. \u00a0Sala Alta del Real Casino de Murcia.<\/span><\/em><strong><em><span style=\"font-size: 13px; color: #888888;\"> Entrada libre hasta completar aforo.<\/span><\/em><\/strong><\/p>\n<\/div>\n<\/div>\n","protected":false},"excerpt":{"rendered":"<p>&nbsp; Hace unos meses comentamos el dramatismo contenido en la plegaria del torero antes de entrar en la plaza y el contraste que existe entre este momento personal e \u00edntimo y el bullicio del animoso p\u00fablico que espera disfrutar del espect\u00e1culo. La historia de la \u00f3pera est\u00e1 plagada de intensos momentos de invocaci\u00f3n con promesas [&hellip;]<\/p>\n","protected":false},"author":24,"featured_media":0,"comment_status":"open","ping_status":"open","sticky":false,"template":"","format":"standard","meta":[],"categories":[2,3],"tags":[],"_links":{"self":[{"href":"https:\/\/blogs.laverdad.es\/musicainesperada\/wp-json\/wp\/v2\/posts\/215"}],"collection":[{"href":"https:\/\/blogs.laverdad.es\/musicainesperada\/wp-json\/wp\/v2\/posts"}],"about":[{"href":"https:\/\/blogs.laverdad.es\/musicainesperada\/wp-json\/wp\/v2\/types\/post"}],"author":[{"embeddable":true,"href":"https:\/\/blogs.laverdad.es\/musicainesperada\/wp-json\/wp\/v2\/users\/24"}],"replies":[{"embeddable":true,"href":"https:\/\/blogs.laverdad.es\/musicainesperada\/wp-json\/wp\/v2\/comments?post=215"}],"version-history":[{"count":0,"href":"https:\/\/blogs.laverdad.es\/musicainesperada\/wp-json\/wp\/v2\/posts\/215\/revisions"}],"wp:attachment":[{"href":"https:\/\/blogs.laverdad.es\/musicainesperada\/wp-json\/wp\/v2\/media?parent=215"}],"wp:term":[{"taxonomy":"category","embeddable":true,"href":"https:\/\/blogs.laverdad.es\/musicainesperada\/wp-json\/wp\/v2\/categories?post=215"},{"taxonomy":"post_tag","embeddable":true,"href":"https:\/\/blogs.laverdad.es\/musicainesperada\/wp-json\/wp\/v2\/tags?post=215"}],"curies":[{"name":"wp","href":"https:\/\/api.w.org\/{rel}","templated":true}]}}