{"id":218,"date":"2013-10-09T19:39:21","date_gmt":"2013-10-09T19:39:21","guid":{"rendered":"http:\/\/blogs.laverdad.es\/musicainesperada\/?p=218"},"modified":"2013-10-09T19:39:21","modified_gmt":"2013-10-09T19:39:21","slug":"pasion-por-el-ebano","status":"publish","type":"post","link":"https:\/\/blogs.laverdad.es\/musicainesperada\/2013\/10\/09\/pasion-por-el-ebano\/","title":{"rendered":"Pasi\u00f3n por el \u00e9bano."},"content":{"rendered":"<p><a href=\"\/musicainesperada\/wp-content\/uploads\/sites\/23\/2013\/10\/Carrasco.jpg\"><img loading=\"lazy\" class=\"aligncenter size-full wp-image-219\" title=\"Carrasco\" src=\"\/musicainesperada\/wp-content\/uploads\/sites\/23\/2013\/10\/Carrasco.jpg\" alt=\"\" width=\"567\" height=\"854\" srcset=\"https:\/\/static-blogs.laverdad.es\/wp-content\/uploads\/sites\/23\/2013\/10\/Carrasco.jpg 567w, https:\/\/static-blogs.laverdad.es\/wp-content\/uploads\/sites\/23\/2013\/10\/Carrasco-199x300.jpg 199w\" sizes=\"(max-width: 567px) 100vw, 567px\" \/><\/a><\/p>\n<p>La audici\u00f3n de las sinfon\u00edas de <strong>Johannes Brahms (1833-1897)<\/strong> es clave para que yo tome la decisi\u00f3n de aprender a tocar el clarinete. Leer m\u00fasica y poder interpretarla constituyen una de las mayores satisfacciones que he tenido en la vida. Entre las generosas personas que me animan, apoyan y aconsejan a ser un poco mejor cada d\u00eda, est\u00e1 <strong>Jes\u00fas Antonio Carrasco G\u00f3mez<\/strong>, solista de la <em><strong>Orquesta Sinf\u00f3nica de la Regi\u00f3n de Murcia. \u00a0<\/strong><\/em><\/p>\n<p>El viernes 11 de octubre, la <em><strong>OSRM,<\/strong><\/em> dirigida por su directora titular<strong> Virginia Mart\u00ednez<\/strong>, interpreta la tercera sinfon\u00eda del compositor nacido en Hamburgo. La combinaci\u00f3n de <strong>Brahms<\/strong> y clarinete es para mi irresistible y le he pedido a <strong>Jes\u00fas Carrasco<\/strong> que nos cuente que sensaciones tiene tras los ensayos de esta obra maestra.<\/p>\n<p><strong>Jes\u00fas<\/strong>, clarinetista nacido en Abar\u00e1n y formado en el Conservatorio Superior de nuestra capital, es en 1998 un joven con mucha determinaci\u00f3n por formarse con los profesores de m\u00e1s prestigio. As\u00ed, se traslada a Par\u00eds donde perfecciona su arte en <em><strong>L\u00b4\u00c9cole Normale &#8220;Alfred Cortot&#8221;<\/strong><\/em> con los profesores <strong>Jean Marc Volta<\/strong> y <strong>Guy Deplus<\/strong> y obtiene los prestigiosos T\u00edtulo Superior de Ejecuci\u00f3n y Diploma Superior de Concertista. Desde entonces ha formado parte de diversas formaciones de prestigio internacional como la <em><strong>Orquesta del Gran Teatro del Liceu de Barcelona<\/strong><\/em> y la <em><strong>Orquesta Ciutat de Barcelona i Nacional de Catalunya<\/strong><\/em>.<\/p>\n<p><strong>Carrasco<\/strong> comenta que: <em>&#8220;<span style=\"font-size: 13px;\">El hecho de tener en el atril cualquier sinfon\u00eda de Brahms supone una motivaci\u00f3n extra para vivir una semana de ensayos llenos de pura energ\u00eda. Brahms compone, al mismo tiempo, de una manera libre, el\u00e1stica, densa y expansiva, siempre con equilibrio. Uno siente en cada momento los ritmos fundamentales que sirven de base a los grandes pasajes l\u00edricos tan caracter\u00edsticos de su m\u00fasica&#8221;.<\/span><\/em><\/p>\n<p>La tercera sinfon\u00eda del m\u00fasico alem\u00e1n genera sensaciones muy distintas en <strong>Jes\u00fas<\/strong>: <em>&#8220;Interpretando esta obra siento al mismo tiempo,<span style=\"font-size: 13px;\">\u00a0anhelo, sinceridad, nobleza, tormenta y una calma majestuosa. En una ocasi\u00f3n le preguntaron al Maestro qu\u00e9 hab\u00eda que<\/span><span style=\"font-size: 13px;\">\u00a0hacer con el tempo para lograr tensi\u00f3n, ternura y dramatismo, y la respuesta fue: -H\u00e1galo como sea, pero que sea bello- \u201d.<\/span><\/em><\/p>\n<p><strong>Brahms<\/strong> es considerado un heredero de <strong>Beethoven<\/strong> pero se diferencia del genio de Bonn en dos aspectos. El primero es la sustituci\u00f3n del <em>scherzo<\/em> por un movimiento m\u00e1s schubertiano y el segundo es el empleo de una forma compositiva c\u00edclica menos llamativa, con el uso de temas musicales derivados de una idea b\u00e1sica. <strong>Brahms<\/strong> compone la tercera sinfon\u00eda en Fa mayor (opus 90) con 50 a\u00f1os de edad y la estrena en Viena con enorme \u00e9xito. Los movimientos que la componen son: <em>Allegro non troppo, Adagio non troppo, Allegreto grazioso quasi andante y Allegro con spirito. <\/em>La obra concluye en un pian\u00edsimo tranquilo en contraposici\u00f3n a la tradici\u00f3n beethoviana del final triunfal.<\/p>\n<p><span style=\"font-size: 13px;\">Sobre el trato que <strong>Brahms<\/strong> da al instrumento de \u00e9bano en esta sinfon\u00eda, <strong>Carrasco<\/strong> opina que <em>&#8220;es un perfecto conocedor del clarinete gracias a la influencia de su gran amigo y clarinetista Richard M\u00fchlfeld, para quien compone todas sus obras de m\u00fasica de c\u00e1mara. Brahms conoce todas las posibilidades del clarinete del siglo XIX, con todos los avances t\u00e9cnicos (dispone de 13 llaves) y de sonoridad. El compositor aprovecha la potencia y la gran paleta de colores y de din\u00e1micas de este instrumento y, especialmente, en el solo de clarinete del segundo movimiento apreciamos la dulzura, legatto, sensualidad, desenfado y riqueza en los di\u00e1logos orquestales.&#8221;<\/em><\/span><\/p>\n<p><strong><span style=\"color: #808080;\"><em>Viernes, 11 de octubre, 20 horas. Auditorio &#8220;V\u00edctor Villegas&#8221;. \u00a0Ciclo Grandes Conciertos: Obras de Glinka, Saint-Saens y Brahms. Orquesta Sinf\u00f3nica de la Regi\u00f3n de Murcia. Javier Perianes (piano). Virginia Mart\u00ednez (Direcci\u00f3n musical).\u00a0<\/em><\/span><\/strong><\/p>\n","protected":false},"excerpt":{"rendered":"<p>La audici\u00f3n de las sinfon\u00edas de Johannes Brahms (1833-1897) es clave para que yo tome la decisi\u00f3n de aprender a tocar el clarinete. Leer m\u00fasica y poder interpretarla constituyen una de las mayores satisfacciones que he tenido en la vida. Entre las generosas personas que me animan, apoyan y aconsejan a ser un poco mejor [&hellip;]<\/p>\n","protected":false},"author":24,"featured_media":0,"comment_status":"open","ping_status":"open","sticky":false,"template":"","format":"standard","meta":[],"categories":[19],"tags":[],"_links":{"self":[{"href":"https:\/\/blogs.laverdad.es\/musicainesperada\/wp-json\/wp\/v2\/posts\/218"}],"collection":[{"href":"https:\/\/blogs.laverdad.es\/musicainesperada\/wp-json\/wp\/v2\/posts"}],"about":[{"href":"https:\/\/blogs.laverdad.es\/musicainesperada\/wp-json\/wp\/v2\/types\/post"}],"author":[{"embeddable":true,"href":"https:\/\/blogs.laverdad.es\/musicainesperada\/wp-json\/wp\/v2\/users\/24"}],"replies":[{"embeddable":true,"href":"https:\/\/blogs.laverdad.es\/musicainesperada\/wp-json\/wp\/v2\/comments?post=218"}],"version-history":[{"count":0,"href":"https:\/\/blogs.laverdad.es\/musicainesperada\/wp-json\/wp\/v2\/posts\/218\/revisions"}],"wp:attachment":[{"href":"https:\/\/blogs.laverdad.es\/musicainesperada\/wp-json\/wp\/v2\/media?parent=218"}],"wp:term":[{"taxonomy":"category","embeddable":true,"href":"https:\/\/blogs.laverdad.es\/musicainesperada\/wp-json\/wp\/v2\/categories?post=218"},{"taxonomy":"post_tag","embeddable":true,"href":"https:\/\/blogs.laverdad.es\/musicainesperada\/wp-json\/wp\/v2\/tags?post=218"}],"curies":[{"name":"wp","href":"https:\/\/api.w.org\/{rel}","templated":true}]}}