{"id":224,"date":"2013-10-15T16:29:12","date_gmt":"2013-10-15T16:29:12","guid":{"rendered":"http:\/\/blogs.laverdad.es\/musicainesperada\/?p=224"},"modified":"2013-10-15T16:29:12","modified_gmt":"2013-10-15T16:29:12","slug":"entre-blancas-y-negras","status":"publish","type":"post","link":"https:\/\/blogs.laverdad.es\/musicainesperada\/2013\/10\/15\/entre-blancas-y-negras\/","title":{"rendered":"Entre blancas y negras."},"content":{"rendered":"<p><a href=\"\/musicainesperada\/wp-content\/uploads\/sites\/23\/2013\/10\/Olga_Albasini-tama\u00f1o-pasaporte.jpg\"><img loading=\"lazy\" class=\"aligncenter size-full wp-image-225\" title=\"Olga_Albasini tama\u00f1o pasaporte\" src=\"\/musicainesperada\/wp-content\/uploads\/sites\/23\/2013\/10\/Olga_Albasini-tama\u00f1o-pasaporte.jpg\" alt=\"\" width=\"191\" height=\"255\" \/><\/a><\/p>\n<p>&nbsp;<\/p>\n<p>En este blog sobre m\u00fasica hay establecida una especial prioridad hacia los j\u00f3venes m\u00fasicos que combinan esfuerzo y talento. Hoy hablamos con <strong>Olga Albasini Garaulet<\/strong>, estudiante de Cuarto Curso de Grado Superior de Piano en Salamanca. Esta joven m\u00fasico nace en Murcia en 1992 y desde sus inicios destaca como estudiante. Adem\u00e1s de la calificaci\u00f3n de Matr\u00edcula de Honor y Premio Extraordinario en el<strong><em> Conservatorio Profesional de Murcia<\/em><\/strong>, su inquietud por esta profesi\u00f3n la lleva a completar el curso<strong><em> \u201cRobert y Clara Schumann\u201d<\/em><\/strong>\u00a0 del <em><strong>New England Conservatory de Boston<\/strong><\/em> y a participar en numerosos conciertos como solista y como miembro de grupos de c\u00e1mara en distintas cuidades de nuestro pa\u00eds.<\/p>\n<p><strong>Olga<\/strong> nos cuenta como a su llegada a Salamanca: <em>\u201cSoy la \u00fanica estudiante de la residencia que est\u00e1 matriculada en el Conservatorio. Al principio, nadie considera que mi carrera como m\u00fasico es importante y exigente. Sin embargo, a los pocos meses de estancia, una compa\u00f1era de Farmacia, se sorprende lo ocupada que estoy con mis estudios y reconoce que \u00a1soy la persona con menos tiempo libre que conoce! \u201c<\/em><\/p>\n<p>Nuestra joven paisana elige esta ciudad para estudiar piano con absoluto convencimiento: <em>\u201cSalamanca es una ciudad con un conservatorio que no est\u00e1 entre los m\u00e1s famosos de Espa\u00f1a. Sin embargo, la ense\u00f1anza del piano es de las de mejor calidad, con muy buenos profesores, cada uno con su manera de impartir clase y su distinta concepci\u00f3n t\u00e9cnica y art\u00edstica.\u201d<\/em><\/p>\n<p>El conservatorio donde estudia <strong>Olga<\/strong> es peque\u00f1o pero cuenta con un buen auditorio, lo que para nuestra pianista es fundamental:<em> \u201cPara nosotros es muy importante tocar las obras en el \u201cSteinway gran cola\u201d del auditorio. Adem\u00e1s de ser un lujo tocar este piano, nos acostumbramos al mismo y rodamos las obras delante del p\u00fablico. Las audiciones que hacemos all\u00ed nos familiarizan con esa ac\u00fastica tan especial y nos hace madurar musicalmente\u201d.<\/em><\/p>\n<p>La actividad musical en el auditorio del<strong><em> Conservatorio de Salamanca<\/em><\/strong> es muy intensa. A partir de Noviembre, cada d\u00eda hay programado un concierto o una audici\u00f3n musical que va desde la orquesta barroca hasta el taller de m\u00fasica contempor\u00e1nea. <strong>Albasini<\/strong> opina que: <em>\u201cEn el conservatorio se cuida mucho que tengamos una amplia cultura musical como parte fundamental de la formaci\u00f3n y no hay mejor m\u00e9todo para conseguirlo que acudir a muchos conciertos que adem\u00e1s, son gratis.&#8221;<\/em><\/p>\n<p><strong>Olga<\/strong> vive al margen de la animada vida universitaria de esta ciudad: <em>\u201cLa m\u00fasica es una disciplina muy absorbente y exigente. El conservatorio se convierte en tu casa ya que all\u00ed tienes el piano y la cabina de estudio. La demanda para estudiar en los pianos del conservatorio es muy alta y la \u00fanica manera de evitar colas esperando es estudiar en horas intempestivas, como son las ocho de la ma\u00f1ana o las dos de la tarde.\u201d<\/em><\/p>\n<p>Esta pianista disfruta mucho con la experiencia de estudiar m\u00fasica frente a 56 teclas blancas y 40 teclas negras: <em>\u201c Todo este esfuerzo me permite aprender y mejorar. Estoy muy satisfecha con mi decisi\u00f3n de estudiar una profesi\u00f3n tan bonita que permite transmitir emociones y sensaciones tan intensas a otras personas. Hoy estudiando un fragmento del Concierto n\u00ba 1 de Brahms, me ha dicho un compa\u00f1ero que escuchaba: \u00bfno es maravilloso, ser m\u00fasico y poder llegar despu\u00e9s de un mal d\u00eda y tocar esta m\u00fasica?\u201d S\u00ed, lo es, he respondido.\u201d<\/em><\/p>\n<p>Hoy les propongo disfrutar la\u00a0interpretaci\u00f3n que <strong>Olga<\/strong> nos ofrece de<strong><em> \u201cSan Francisco de Paula caminando sobre las aguas\u201d<\/em><\/strong> de <strong>F. Lizst.<\/strong><\/p>\n<p>&nbsp;<\/p>\n<p><iframe loading=\"lazy\" src=\"\/\/www.youtube.com\/embed\/3she0vyh1bw\" frameborder=\"0\" width=\"560\" height=\"315\"><\/iframe><\/p>\n","protected":false},"excerpt":{"rendered":"<p>&nbsp; En este blog sobre m\u00fasica hay establecida una especial prioridad hacia los j\u00f3venes m\u00fasicos que combinan esfuerzo y talento. Hoy hablamos con Olga Albasini Garaulet, estudiante de Cuarto Curso de Grado Superior de Piano en Salamanca. Esta joven m\u00fasico nace en Murcia en 1992 y desde sus inicios destaca como estudiante. Adem\u00e1s de la [&hellip;]<\/p>\n","protected":false},"author":24,"featured_media":0,"comment_status":"open","ping_status":"open","sticky":false,"template":"","format":"standard","meta":[],"categories":[18],"tags":[],"_links":{"self":[{"href":"https:\/\/blogs.laverdad.es\/musicainesperada\/wp-json\/wp\/v2\/posts\/224"}],"collection":[{"href":"https:\/\/blogs.laverdad.es\/musicainesperada\/wp-json\/wp\/v2\/posts"}],"about":[{"href":"https:\/\/blogs.laverdad.es\/musicainesperada\/wp-json\/wp\/v2\/types\/post"}],"author":[{"embeddable":true,"href":"https:\/\/blogs.laverdad.es\/musicainesperada\/wp-json\/wp\/v2\/users\/24"}],"replies":[{"embeddable":true,"href":"https:\/\/blogs.laverdad.es\/musicainesperada\/wp-json\/wp\/v2\/comments?post=224"}],"version-history":[{"count":0,"href":"https:\/\/blogs.laverdad.es\/musicainesperada\/wp-json\/wp\/v2\/posts\/224\/revisions"}],"wp:attachment":[{"href":"https:\/\/blogs.laverdad.es\/musicainesperada\/wp-json\/wp\/v2\/media?parent=224"}],"wp:term":[{"taxonomy":"category","embeddable":true,"href":"https:\/\/blogs.laverdad.es\/musicainesperada\/wp-json\/wp\/v2\/categories?post=224"},{"taxonomy":"post_tag","embeddable":true,"href":"https:\/\/blogs.laverdad.es\/musicainesperada\/wp-json\/wp\/v2\/tags?post=224"}],"curies":[{"name":"wp","href":"https:\/\/api.w.org\/{rel}","templated":true}]}}