{"id":226,"date":"2013-10-19T21:45:37","date_gmt":"2013-10-19T21:45:37","guid":{"rendered":"http:\/\/blogs.laverdad.es\/musicainesperada\/?p=226"},"modified":"2013-10-19T21:45:37","modified_gmt":"2013-10-19T21:45:37","slug":"el-otono-de-paris","status":"publish","type":"post","link":"https:\/\/blogs.laverdad.es\/musicainesperada\/2013\/10\/19\/el-otono-de-paris\/","title":{"rendered":"El oto\u00f1o de Par\u00eds."},"content":{"rendered":"<p style=\"text-align: center;\"><a href=\"\/musicainesperada\/wp-content\/uploads\/sites\/23\/2013\/10\/collage22.jpg\"><img loading=\"lazy\" class=\"aligncenter  wp-image-231\" title=\"collage2\" src=\"\/musicainesperada\/wp-content\/uploads\/sites\/23\/2013\/10\/collage22.jpg\" alt=\"\" width=\"574\" height=\"264\" srcset=\"https:\/\/static-blogs.laverdad.es\/wp-content\/uploads\/sites\/23\/2013\/10\/collage22.jpg 1304w, https:\/\/static-blogs.laverdad.es\/wp-content\/uploads\/sites\/23\/2013\/10\/collage22-300x138.jpg 300w, https:\/\/static-blogs.laverdad.es\/wp-content\/uploads\/sites\/23\/2013\/10\/collage22-768x355.jpg 768w, https:\/\/static-blogs.laverdad.es\/wp-content\/uploads\/sites\/23\/2013\/10\/collage22-1024x473.jpg 1024w\" sizes=\"(max-width: 574px) 100vw, 574px\" \/><\/a><\/p>\n<p style=\"text-align: center;\">\n<p>El mes de Octubre de Par\u00eds y de Murcia est\u00e1n vinculados en solidaridad y cultura. El d\u00eda de Santa Teresa de 1879 la Regi\u00f3n de Murcia sufre una devastadora inundaci\u00f3n. La cat\u00e1strofe natural es de dimensiones sobrecogedoras con casi 800 personas fallecidas y 6000 viviendas destruidas. <strong>Edouard Levey<\/strong>, director de la agencia de prensa francesa<em><strong> Havas<\/strong><\/em>, decide recaudar fondos organizando una fiesta en el Hip\u00f3dromo de Par\u00eds y editando un peri\u00f3dico llamado <em><strong>Paris-Murcie<\/strong><\/em> con la colaboraci\u00f3n de personas relevantes de la cultura europea. Este acto de <strong>Levey<\/strong> no tiene precedentes, ya que es el primer movimiento solidario internacional promovido por los medios de comunicaci\u00f3n en la historia universal.<\/p>\n<p>De nuevo, el oto\u00f1o y la cultura vuelven a enlazar Murcia con la ciudad de la luz. El pasado jueves, la <strong><em>Maison des Cultures du Monde de Par\u00eds<\/em><\/strong>, es escenario del concierto organizado por la Embajada de Espa\u00f1a e interpretado por el <strong>Cuarteto Saravasti<\/strong>.<\/p>\n<p>La velada musical se titula <em><strong>\u201cSalon, Sc\u00e8ne, Ar\u00e8nes et Tradition<\/strong><\/em>&#8221; (Sal\u00f3n, Escena, Ruedo y Tradici\u00f3n) entre las obras que se escuchan, tiene un inter\u00e9s especial el <em><strong>cuarteto n\u00ba 2 en La Mayor<\/strong><\/em> que <strong>Juan C. Arriaga<\/strong> compone en 1824 en la misma ciudad de Par\u00eds.<\/p>\n<p>Esa noche, nuestros paisanos <strong>Gabriel Lauret, Diego Sanz, Pedro Sanz y Enrique Vidal<\/strong> interpretan adem\u00e1s los <em><strong>\u201cSeis Interludios Esc\u00e9nicos\u201d<\/strong><\/em> de<strong> Jos\u00e9 Z\u00e1rate<\/strong>, <em><strong>\u201cLa oraci\u00f3n del torero\u201d<\/strong><\/em> y la <em><strong>\u201cSerenata\u201d<\/strong><\/em> de <strong>Joaqu\u00edn Turina<\/strong> y la<strong><em> \u201cSuite folkl\u00f3rica sobre temas murcianos\u201d<\/em><\/strong> de <strong>Benito Lauret<\/strong>, esta \u00faltima plagada de temas y ritmos de la m\u00fasica tradicional de la Regi\u00f3n de Murcia. La propina, siguiendo la tradici\u00f3n de nuestro pa\u00eds, es la <em><strong>Noveleta &#8220;A la Espa\u00f1ola&#8221;<\/strong><\/em> de <strong>Glazunov.<\/strong><\/p>\n<p>El <strong>Cuarteto Saravasti<\/strong> interpreta su m\u00fasica en Nueva York, Tokio y T\u00fanez, llevando el nombre de Murcia a las principales salas de conciertos fuera de Espa\u00f1a. \u00a0A su llegada a Par\u00eds, cuentan que: <em>\u201cNuestras sensaciones fueron de una calurosa acogida y una excelente organizaci\u00f3n por parte de la Embajada de Espa\u00f1a en Par\u00eds, como corresponde a una gran capital europea. <\/em><em>La sala de la Maison des Cultures du Monde es del tipo teatro con dos gradas con capacidad para 380 personas. La ac\u00fastica un poco seca, pero muy clara y agradable tanto para tocar como para escuchar m\u00fasica.\u201d<\/em><\/p>\n<p>Al acto asistieron los Embajadores de Uruguay, Bolivia y Bulgaria, el Consejero Cultural de la Embajada de Espa\u00f1a en Par\u00eds y el Embajador de Espa\u00f1a ante la OCDE, entre otras personalidades. Los<strong> Saravasti<\/strong> se sienten muy satisfechos de la experiencia parisina: <em>\u201cEl concierto realmente fue bueno con una magn\u00edfica conexi\u00f3n con el p\u00fablico que ovacion\u00f3 de forma repetida\u201d.<\/em><\/p>\n<p>Si pasean por el Malec\u00f3n, recuerden que esta obra urban\u00edstica del siglo XV es reconstruida tras las riada de Santa Teresa con ayuda de muchas personas. Entre ellas, est\u00e1n las que participaron es este bello gesto solidario que hermana a Murcia con Par\u00eds. A escasos metros del Paseo del Malec\u00f3n, en el <strong><em>Conservatorio Superior de M\u00fasica<\/em><\/strong>, los m\u00fasicos del <strong>Cuarteto Saravasti<\/strong> transmiten su legado a muchos j\u00f3venes estudiantes de m\u00fasica. Qui\u00e9n sabe si en el futuro, alguno de ellos vuelve a llevar m\u00fasica y cultura de nuestra tierra a la ciudad de Par\u00eds.<\/p>\n<p>Ser\u00eda emotivo que esto ocurriese de nuevo en oto\u00f1o.<\/p>\n","protected":false},"excerpt":{"rendered":"<p>El mes de Octubre de Par\u00eds y de Murcia est\u00e1n vinculados en solidaridad y cultura. El d\u00eda de Santa Teresa de 1879 la Regi\u00f3n de Murcia sufre una devastadora inundaci\u00f3n. La cat\u00e1strofe natural es de dimensiones sobrecogedoras con casi 800 personas fallecidas y 6000 viviendas destruidas. Edouard Levey, director de la agencia de prensa francesa [&hellip;]<\/p>\n","protected":false},"author":24,"featured_media":0,"comment_status":"open","ping_status":"open","sticky":false,"template":"","format":"standard","meta":[],"categories":[5],"tags":[],"_links":{"self":[{"href":"https:\/\/blogs.laverdad.es\/musicainesperada\/wp-json\/wp\/v2\/posts\/226"}],"collection":[{"href":"https:\/\/blogs.laverdad.es\/musicainesperada\/wp-json\/wp\/v2\/posts"}],"about":[{"href":"https:\/\/blogs.laverdad.es\/musicainesperada\/wp-json\/wp\/v2\/types\/post"}],"author":[{"embeddable":true,"href":"https:\/\/blogs.laverdad.es\/musicainesperada\/wp-json\/wp\/v2\/users\/24"}],"replies":[{"embeddable":true,"href":"https:\/\/blogs.laverdad.es\/musicainesperada\/wp-json\/wp\/v2\/comments?post=226"}],"version-history":[{"count":0,"href":"https:\/\/blogs.laverdad.es\/musicainesperada\/wp-json\/wp\/v2\/posts\/226\/revisions"}],"wp:attachment":[{"href":"https:\/\/blogs.laverdad.es\/musicainesperada\/wp-json\/wp\/v2\/media?parent=226"}],"wp:term":[{"taxonomy":"category","embeddable":true,"href":"https:\/\/blogs.laverdad.es\/musicainesperada\/wp-json\/wp\/v2\/categories?post=226"},{"taxonomy":"post_tag","embeddable":true,"href":"https:\/\/blogs.laverdad.es\/musicainesperada\/wp-json\/wp\/v2\/tags?post=226"}],"curies":[{"name":"wp","href":"https:\/\/api.w.org\/{rel}","templated":true}]}}