{"id":23,"date":"2013-02-01T10:35:26","date_gmt":"2013-02-01T10:35:26","guid":{"rendered":"http:\/\/blogs.laverdad.es\/musicainesperada\/?p=23"},"modified":"2013-02-01T10:35:26","modified_gmt":"2013-02-01T10:35:26","slug":"la-solidaridad-del-oido-con-el-cerebro-musica-y-alhzeimer","status":"publish","type":"post","link":"https:\/\/blogs.laverdad.es\/musicainesperada\/2013\/02\/01\/la-solidaridad-del-oido-con-el-cerebro-musica-y-alhzeimer\/","title":{"rendered":"La solidaridad del o\u00eddo con el cerebro: M\u00fasica y Alhzeimer."},"content":{"rendered":"<p>La m\u00fasica tiene muchas consecuencias positivas. Quiz\u00e1s la m\u00e1s noble sea mejorar la vida de los dem\u00e1s, bien a trav\u00e9s del efecto directo en el p\u00fablico o bien,\u00a0indirectamente, despertando la solidaridad de la sociedad.<\/p>\n<p>La Orquesta Sinf\u00f3nicay el Coro del Conservatorio Superior de M\u00fasica \u201cManuel Massotti Littel\u201d son dirigidos por el maestro Jos\u00e9 Miguel Rodilla que en este concierto pretenden: \u201cmostrar el trabajo conjunto de estas dos formaciones donde est\u00e1n representados la pr\u00e1ctica totalidad de los estudiantes del centro\u201d.<\/p>\n<p>Rodilla destaca\u00a0que la primera parte del programa\u00a0incluye \u201cla siempre dif\u00edcil pero fascinante m\u00fasica de Turina con su Sinfon\u00eda Sevillana, terminando el concierto con el espectacular oratorio de Shostakovich, &#8220;El canto de los bosques&#8221;, obra de marcado inter\u00e9s musical por su grandioso concertante final\u201d.<a href=\"\/musicainesperada\/wp-content\/uploads\/sites\/23\/2013\/01\/concierto-solidario.png\"><img loading=\"lazy\" class=\"alignright size-medium wp-image-25\" title=\"concierto solidario\" src=\"\/musicainesperada\/wp-content\/uploads\/sites\/23\/2013\/01\/concierto-solidario.png\" alt=\"\" width=\"300\" height=\"269\" srcset=\"https:\/\/static-blogs.laverdad.es\/wp-content\/uploads\/sites\/23\/2013\/01\/concierto-solidario.png 446w, https:\/\/static-blogs.laverdad.es\/wp-content\/uploads\/sites\/23\/2013\/01\/concierto-solidario-300x270.png 300w\" sizes=\"(max-width: 300px) 100vw, 300px\" \/><\/a><\/p>\n<p>Completa el concierto el Intermezzo de la \u00f3pera Goyescas de Granados. El director y preparador del coro es \u00c1ngel Mart\u00edn Matute.<\/p>\n<p>III CONCIERTO SOLIDARIO a beneficio de la Asociaci\u00f3n de Familiares de Enfermos de Alzheimer de la Regi\u00f3nde Murcia (AFAMUR). Organiza Rotary Club Murcia. Auditorio V\u00edctor Villegas. Lunes 4 de Febrero a las 20h. Entrada donativo: 10 euros.<\/p>\n","protected":false},"excerpt":{"rendered":"<p>La m\u00fasica tiene muchas consecuencias positivas. Quiz\u00e1s la m\u00e1s noble sea mejorar la vida de los dem\u00e1s, bien a trav\u00e9s del efecto directo en el p\u00fablico o bien,\u00a0indirectamente, despertando la solidaridad de la sociedad. La Orquesta Sinf\u00f3nicay el Coro del Conservatorio Superior de M\u00fasica \u201cManuel Massotti Littel\u201d son dirigidos por el maestro Jos\u00e9 Miguel Rodilla [&hellip;]<\/p>\n","protected":false},"author":24,"featured_media":0,"comment_status":"open","ping_status":"closed","sticky":false,"template":"","format":"standard","meta":[],"categories":[19],"tags":[],"_links":{"self":[{"href":"https:\/\/blogs.laverdad.es\/musicainesperada\/wp-json\/wp\/v2\/posts\/23"}],"collection":[{"href":"https:\/\/blogs.laverdad.es\/musicainesperada\/wp-json\/wp\/v2\/posts"}],"about":[{"href":"https:\/\/blogs.laverdad.es\/musicainesperada\/wp-json\/wp\/v2\/types\/post"}],"author":[{"embeddable":true,"href":"https:\/\/blogs.laverdad.es\/musicainesperada\/wp-json\/wp\/v2\/users\/24"}],"replies":[{"embeddable":true,"href":"https:\/\/blogs.laverdad.es\/musicainesperada\/wp-json\/wp\/v2\/comments?post=23"}],"version-history":[{"count":0,"href":"https:\/\/blogs.laverdad.es\/musicainesperada\/wp-json\/wp\/v2\/posts\/23\/revisions"}],"wp:attachment":[{"href":"https:\/\/blogs.laverdad.es\/musicainesperada\/wp-json\/wp\/v2\/media?parent=23"}],"wp:term":[{"taxonomy":"category","embeddable":true,"href":"https:\/\/blogs.laverdad.es\/musicainesperada\/wp-json\/wp\/v2\/categories?post=23"},{"taxonomy":"post_tag","embeddable":true,"href":"https:\/\/blogs.laverdad.es\/musicainesperada\/wp-json\/wp\/v2\/tags?post=23"}],"curies":[{"name":"wp","href":"https:\/\/api.w.org\/{rel}","templated":true}]}}